{"id":9725,"date":"2025-12-23T09:34:25","date_gmt":"2025-12-23T08:34:25","guid":{"rendered":"https:\/\/cnz.to\/vf\/?p=9725"},"modified":"2026-01-20T13:51:21","modified_gmt":"2026-01-20T12:51:21","slug":"meilleures-recettes-fetes","status":"publish","type":"post","link":"https:\/\/cnz.to\/vf\/recettes\/autres-recettes\/meilleures-recettes-fetes\/","title":{"rendered":"Mes Meilleures Recettes pour les f\u00eates"},"content":{"rendered":"<p>No\u00ebl n&rsquo;est plus qu&rsquo;\u00e0 quelques jours (sans vouloir vous stresser ni rien) et j&rsquo;ai \u00e9t\u00e9 \u00e9tonn\u00e9e de m&rsquo;apercevoir que, en treize ans de Chocolate &#038; Zucchini, je n&rsquo;ai jamais publi\u00e9 de billet proposant mes <b>id\u00e9es de recettes pour les f\u00eates<\/b>.<\/p>\n<p>Voici donc sans plus tarder, <b>mes conseils pour les repas de f\u00eate<\/b>. J&rsquo;esp\u00e8re que \u00e7a vous aidera si vous recevez et que vous \u00eates donc en pleine planification de menu pour No\u00ebl ou pour le R\u00e9veillon du Nouvel An ; ou si vous \u00eates re\u00e7u et que vous avez promis \u00e0 vos h\u00f4tes d&rsquo;apporter votre contribution au repas.<\/p>\n<p>Vous trouverez encore plus d&rsquo;id\u00e9es de recettes pour les f\u00eates et de conseils in\u00e9dits dans mon e-book <a href=\"http:\/\/cnz.to\/ebookvf\">Chocolate &#038; Zucchini : Le Livre<\/a>, qu&rsquo;il est encore temps de vous offrir pour les f\u00eates !<\/p>\n<p><i>NB : En France et dans ma famille, les repas de f\u00eate restent tr\u00e8s omnivores et c&rsquo;est ce que refl\u00e8te ce billet. Si vous avez envie de recevoir autour d&rsquo;un repas sans viande, je vous renvoie \u00e0 <a href=\"https:\/\/www.dropbox.com\/s\/64enpw08616xr3b\/EAT_noelvege.jpeg?dl=0\">mon article<\/a> paru dans le ELLE \u00e0 Table de novembre-d\u00e9cembre 2014, et les livres <a href=\"http:\/\/www.amazon.fr\/dp\/2842213114?tag=chocolzucchi-21\">Recevoir en Bio<\/a>, <a href=\"http:\/\/www.amazon.fr\/dp\/2842214374?tag=chocolzucchi-21\">No\u00ebl vegan<\/a> et <a href=\"http:\/\/www.amazon.fr\/dp\/284221501X?tag=chocolzucchi-21\">Joyeux No\u00ebl vegan<\/a>.<\/i><\/p>\n<h2>R\u00e9veillon de No\u00ebl, r\u00e9veillon du Nouvel An<\/h2>\n<p>En France, en g\u00e9n\u00e9ral, on se r\u00e9unit en famille pour d\u00eener ensemble <b>la veille de No\u00ebl<\/b>, et il y a souvent un deuxi\u00e8me repas le lendemain, pour le d\u00e9jeuner de No\u00ebl. Soit on prend les m\u00eames et on recommence, soit on se r\u00e9unit avec une autre partie de la famille.<\/p>\n<p><!--more--><\/p>\n<p>No\u00ebl est largement f\u00eat\u00e9 \u00e0 la maison, et d&rsquo;ailleurs la plupart des restaurants sont ferm\u00e9s la veille et le jour de No\u00ebl pour que le personnel puisse \u00eatre en famille. C&rsquo;est consid\u00e9r\u00e9 comme <b>une f\u00eate intime<\/b> r\u00e9serv\u00e9e aux membres de la famille et aux proches amis, donc quand on est un invit\u00e9 ext\u00e9rieur, c&rsquo;est un vrai honneur.<\/p>\n<p>Selon les familles, on ouvre <b>les cadeaux<\/b> apr\u00e8s le d\u00eener la veille de No\u00ebl, ou bien le matin du jour de No\u00ebl. Dans ma famille, \u00e7a a toujours \u00e9t\u00e9 le matin, et maintenant que j&rsquo;ai des enfants je comprends pourquoi : allez donc mettre au lit des petits qui viennent de d\u00e9couvrir leur robot t\u00e9l\u00e9command\u00e9 ! (Alors que le matin de No\u00ebl, les parents peuvent somnoler pendant que les enfants jouent avec ledit robot.)<\/p>\n<p>Pour ce qui est du <b>r\u00e9veillon du Nouvel An<\/b>, on le f\u00eate plus souvent avec des amis qu&rsquo;en famille, et c&rsquo;est plus une affaire d&rsquo;adultes. S&rsquo;il y a des enfants petits, on les met au lit sur le t\u00f4t ou on les laisse s&rsquo;endormir sur un coin de canap\u00e9, mais ils ne sont pas au centre de la f\u00eate. (D\u00e9sol\u00e9e les chouchous.)<\/p>\n<p>Il y a des gens qui sortent d\u00eener pour la Saint-Sylvestre (nom d\u00e9licieusement d\u00e9suet), mais je ne sais pas qui ils sont et je pr\u00e9f\u00e8re ne pas me joindre \u00e0 eux. Dans mon cercle d&rsquo;amis, on est plus susceptible d&rsquo;organiser <b>un bon d\u00eener<\/b> chez les uns ou chez les autres, et peut-\u00eatre sortir plus tard, ou plus simplement pousser les meubles et faire la f\u00eate \u00e0 la maison*.<\/p>\n<p><!--more--><\/p>\n<h2>Ap\u00e9ritif<\/h2>\n<p>Comme l&rsquo;id\u00e9e est de faire durer le d\u00eener jusque tard, l&rsquo;ap\u00e9ritif se prolonge g\u00e9n\u00e9ralement un certain temps. On sert typiquement du Champagne, mais comme j&rsquo;ai l&rsquo;esprit de contradiction, je pr\u00e9f\u00e8re proposer un autre vin blanc p\u00e9tillant : je demande \u00e0 mon caviste un <i>vin blanc en m\u00e9thode champenoise<\/i> issu d&rsquo;une autre r\u00e9gion, tout aussi bon et significativement moins cher.<\/p>\n<h3><a href=\"https:\/\/cnz.to\/vf\/recettes\/amuse-bouche\/canapes-au-beurre-dherbes-pain-noir-et-saint-jacques-recette\/\">Canap\u00e9s au beurre d\u2019herbes, pain noir et Saint-Jacques<\/a><\/h3>\n<p>Les coquillages et crustac\u00e9s (<a href=\"https:\/\/www.youtube.com\/watch?v=Bbkwrf5lMqc\">sur la plage abandonn\u00e9e<\/a>) sont un peu les stars des tables de f\u00eate, et j&rsquo;aime particuli\u00e8rement les coquilles Saint-Jacques. Ces canap\u00e9s sont une jolie fa\u00e7on de les servir crues &#8212; c&rsquo;est frais, c&rsquo;est go\u00fbteux, et \u00e7a se mange facilement sans assiette.<\/p>\n<p><a href=\"https:\/\/cnz.to\/vf\/recettes\/amuse-bouche\/canapes-au-beurre-dherbes-pain-noir-et-saint-jacques-recette\/\"><img loading=\"lazy\" class=\"alignnone size-full wp-image-6844\" src=\"https:\/\/cnz.to\/vf\/wp-content\/uploads\/2015\/11\/herbed_butter_scallop_crostini-6.jpg\" alt=\"Canap\u00e9s au beurre d'herbes, pain noir et Saint-Jacques\" width=\"760\" height=\"507\" style=\"width:100%\" srcset=\"https:\/\/cnz.to\/vf\/wp-content\/uploads\/2015\/11\/herbed_butter_scallop_crostini-6.jpg 760w, https:\/\/cnz.to\/vf\/wp-content\/uploads\/2015\/11\/herbed_butter_scallop_crostini-6-300x200.jpg 300w, https:\/\/cnz.to\/vf\/wp-content\/uploads\/2015\/11\/herbed_butter_scallop_crostini-6-355x237.jpg 355w\" sizes=\"(max-width: 760px) 100vw, 760px\" \/><\/a><\/p>\n<h3><a href=\"https:\/\/cnz.to\/vf\/recettes\/amuse-bouche\/cake-feta-herbes-fraiches-recette\/\">Cake \u00e0 la feta et aux herbes fra\u00eeches<\/a><\/h3>\n<p>Trois raisons de faire ce cake sal\u00e9 pour vos ap\u00e9ritifs de f\u00eate : un, il se cong\u00e8le super bien ; deux, il va r\u00e9concilier avec le concept du cake sal\u00e9 tous ceux qui croient que c&rsquo;est estoufadou ; trois, c&rsquo;est une de mes recettes qui ont eu le plus de succ\u00e8s sur C&#038;Z cette ann\u00e9e !<\/p>\n<p><a href=\"https:\/\/cnz.to\/vf\/recettes\/amuse-bouche\/cake-feta-herbes-fraiches-recette\/\"><img loading=\"lazy\" class=\"alignnone size-full wp-image-8999\" src=\"https:\/\/cnz.to\/vf\/wp-content\/uploads\/2016\/07\/feta_herb_quick_bread-4.jpg\" alt=\"Cake \u00e0 la feta et aux herbes fra\u00eeches\" width=\"760\" height=\"507\" style=\"width:100%\" srcset=\"https:\/\/cnz.to\/vf\/wp-content\/uploads\/2016\/07\/feta_herb_quick_bread-4.jpg 760w, https:\/\/cnz.to\/vf\/wp-content\/uploads\/2016\/07\/feta_herb_quick_bread-4-300x200.jpg 300w, https:\/\/cnz.to\/vf\/wp-content\/uploads\/2016\/07\/feta_herb_quick_bread-4-355x237.jpg 355w, https:\/\/cnz.to\/vf\/wp-content\/uploads\/2016\/07\/feta_herb_quick_bread-4-600x400.jpg 600w\" sizes=\"(max-width: 760px) 100vw, 760px\" \/><\/a><\/p>\n<h3><a href=\"https:\/\/cnz.to\/vf\/recettes\/amuse-bouche\/amandes-grillees-au-cumin-et-piment-chipotle-recette\/\">Amandes grill\u00e9es au cumin et piment chipotle<\/a><\/h3>\n<p>Une recette rapide et facile, un d\u00e9lice absolu \u00e0 grignoter \u00e0 l&rsquo;ap\u00e9ro. On peut aussi les emballer dans un joli sachet et les offrir quand on est re\u00e7u.<\/p>\n<p><a href=\"https:\/\/cnz.to\/vf\/recettes\/amuse-bouche\/amandes-grillees-au-cumin-et-piment-chipotle-recette\/\"><img loading=\"lazy\" class=\"alignnone size-full wp-image-4105\" src=\"https:\/\/cnz.to\/vf\/wp-content\/uploads\/2013\/12\/saltedchilialmonds.jpg\" alt=\"Amandes grill\u00e9es au cumin et piment chipotle\" width=\"760\" height=\"507\" style=\"width:100%\" srcset=\"https:\/\/cnz.to\/vf\/wp-content\/uploads\/2013\/12\/saltedchilialmonds.jpg 760w, https:\/\/cnz.to\/vf\/wp-content\/uploads\/2013\/12\/saltedchilialmonds-300x200.jpg 300w, https:\/\/cnz.to\/vf\/wp-content\/uploads\/2013\/12\/saltedchilialmonds-355x237.jpg 355w\" sizes=\"(max-width: 760px) 100vw, 760px\" \/><\/a><\/p>\n<h2>En entr\u00e9e<\/h2>\n<p>Pr\u00eat \u00e0 passer \u00e0 table ? Je vous en prie, asseyez-vous o\u00f9 vous voulez !<\/p>\n<h3>Hu\u00eetres<\/h3>\n<p>Fa\u00e7on toute traditionnelle de d\u00e9marrer le repas sans cuisiner, le plateau d&rsquo;hu\u00eetres fra\u00eechement achemin\u00e9es de l&rsquo;Atlantique. Commandez le v\u00f4tre au poissonnier bien \u00e0 l&rsquo;avance ; il les ouvrira pour vous, sans frais suppl\u00e9mentaire, mais on peut laisser un pourboire. Fines, sp\u00e9ciales, plates, calibre (inversement proportionnel \u00e0 la taille)&#8230; c&rsquo;est une affaire de go\u00fbt. <a href=\"http:\/\/madame.lefigaro.fr\/art-de-vivre\/guide-de-survie-de-lamateur-dhuitre-031211-197600\">Ce guide<\/a> permet d&rsquo;y voir plus (fine de) clair. <\/p>\n<p>En France, les hu\u00eetres sont g\u00e9n\u00e9ralement propos\u00e9es crues et en coquille, avec de fines tranches de pain de seigle, du beurre sal\u00e9, du jus de citron, et du vinaigre \u00e0 l&rsquo;\u00e9chalote.<\/p>\n<div id=\"attachment_9728\" class=\"wp-caption alignnone\" style=\"width: 100%\"><img loading=\"lazy\" class=\"size-full wp-image-9728\" src=\"https:\/\/cnz.to\/vf\/wp-content\/uploads\/2016\/12\/oyster.jpg\" alt=\"Les hu\u00eetres \u00e0 la poissonnerie situ\u00e9 \u00e0 la rue des Abbesses (Photo : Anne !)\" width=\"760\" height=\"505\" style=\"width:100%\" srcset=\"https:\/\/cnz.to\/vf\/wp-content\/uploads\/2016\/12\/oyster.jpg 760w, https:\/\/cnz.to\/vf\/wp-content\/uploads\/2016\/12\/oyster-300x200.jpg 300w, https:\/\/cnz.to\/vf\/wp-content\/uploads\/2016\/12\/oyster-355x237.jpg 355w\" sizes=\"(max-width: 760px) 100vw, 760px\" \/><p class=\"wp-caption-text\">Les hu\u00eetres \u00e0 la poissonnerie de la rue des Abbesses (Photo : <a href=\"www.hardlysnarky.com\">Anne<\/a>)<\/p><\/div>\n<h3>Foie gras<\/h3>\n<p>Il f\u00fbt un temps o\u00f9 l&rsquo;on mangeait du foie gras <b>uniquement au moment des f\u00eates<\/b>. C&rsquo;\u00e9tait un produit de luxe, fabriqu\u00e9 de fa\u00e7on traditionnelle, avec soin et respect pour les animaux, et d\u00e9gust\u00e9 avec r\u00e9v\u00e9rence. Mais aujourd&rsquo;hui, on veut du foie gras \u00e0 longueur d&rsquo;ann\u00e9e, \u00e0 prix discount de pr\u00e9f\u00e9rence, avec pour cons\u00e9quence des fermes-usines, des animaux maltrait\u00e9s, et en bout de cha\u00eene un foie gras insipide.<\/p>\n<p>Si je ne peux pas avoir un minimum d&rsquo;assurances sur les conditions de production, je pr\u00e9f\u00e8re donc me passer de foie gras. Par contre, si j&rsquo;ai l&rsquo;occasion de rendre visite \u00e0 un producteur artisanal pendant mes vacances, ou si j&rsquo;ai une recommandation fiable d&rsquo;un chef ou d&rsquo;un cuisinier \u00e9clair\u00e9, j&rsquo;ach\u00e8te alors une <b>terrine de foie gras entier mi-cuit<\/b> en bocal, et je savoure chaque bouch\u00e9e.<\/p>\n<p><b>Canard ou oie<\/b> ? C&rsquo;est une question de pr\u00e9f\u00e9rence. Le foie gras de canard est plus r\u00e9pandu (les canards sont plus faciles \u00e0 \u00e9lever) et sa saveur est plus cors\u00e9e.<\/p>\n<p>Une terrine de foie gras se sert froide, mais pas trop froide, avec du pain grill\u00e9. On propose traditionnellement du pain brioch\u00e9, mais je pr\u00e9f\u00e8re <b>un pain au levain<\/b> pour r\u00e9pondre \u00e0 la douceur du foie gras. Certains le servent avec du pain d&rsquo;\u00e9pices, mais je trouve que \u00e7a coupe l&rsquo;app\u00e9tit en d\u00e9but de repas. La bonne fa\u00e7on de manger du foie gras consiste \u00e0 en couper une petite tranche avec le couteau et la placer sur le pain, sans \u00e9taler.<\/p>\n<h3>Saumon fum\u00e9<\/h3>\n<p>Bon. Encore un produit de luxe victime du <b>nivellement par le bas<\/b>. Les consommateurs voulant en manger tous les dimanches pour le brunch, mais sans payer trop cher quand m\u00eame, on a maintenant des saumons d&rsquo;\u00e9levage bourr\u00e9s\u00a0d&rsquo;antibiotiques et autres produits chimiques, qui d\u00e9truisent leur environnement et donnent un saumon fum\u00e9 gras et sans subtilit\u00e9.<\/p>\n<p>Pour ma part, je m&rsquo;offre du saumon sauvage <b>une fois par an<\/b>, en pr\u00e9voyant deux fines tranches par personne et en savourant chaque bouch\u00e9e les yeux ferm\u00e9s. (Et si c&rsquo;est hors budget, on trouve de la tr\u00e8s bonne truite fum\u00e9e bio.)<\/p>\n<p>On sert le saumon fum\u00e9 avec des <a href=\"http:\/\/www.marmiton.org\/recettes\/recette_blinis_23421.aspx\">blinis<\/a> chauds, de la cr\u00e8me fra\u00eeche et un tout petit filet de jus de citron.<\/p>\n<h3><a href=\"https:\/\/cnz.to\/vf\/recettes\/soupes\/veloute-de-topinambours-au-bacon-recette\/\">Velout\u00e9 de topinambours au bacon<\/a><\/h3>\n<p>Id\u00e9ale s&rsquo;il ne fait pas tr\u00e8s chaud chez vous, cette soupe est une fa\u00e7on chaleureuse de commencer le repas. Les lardons lui donnent une petite note umami irr\u00e9sistible ; les v\u00e9g\u00e9tariens pourront mettre des champignons \u00e0 la place.<\/p>\n<p><a href=\"https:\/\/cnz.to\/vf\/recettes\/soupes\/veloute-de-topinambours-au-bacon-recette\/\"><img loading=\"lazy\" class=\"alignnone size-full wp-image-7468\" src=\"https:\/\/cnz.to\/vf\/wp-content\/uploads\/2009\/10\/jerusalem_artichoke_soup-2.jpg\" alt=\"Velout\u00e9 de topinambour au bacon\" width=\"760\" height=\"505\" style=\"width:100%\" srcset=\"https:\/\/cnz.to\/vf\/wp-content\/uploads\/2009\/10\/jerusalem_artichoke_soup-2.jpg 760w, https:\/\/cnz.to\/vf\/wp-content\/uploads\/2009\/10\/jerusalem_artichoke_soup-2-300x200.jpg 300w, https:\/\/cnz.to\/vf\/wp-content\/uploads\/2009\/10\/jerusalem_artichoke_soup-2-355x237.jpg 355w, https:\/\/cnz.to\/vf\/wp-content\/uploads\/2009\/10\/jerusalem_artichoke_soup-2-600x400.jpg 600w\" sizes=\"(max-width: 760px) 100vw, 760px\" \/><\/a><\/p>\n<h2>Volaille ou gibier r\u00f4ti<\/h2>\n<p>Dans la plupart des familles omnivores, le menu se construit autour d&rsquo;une <b>viande r\u00f4tie<\/b>, et au moment des f\u00eates, les bouchers de France et de Navarre commencent \u00e0 accrocher dans leurs vitrines des oiseaux de toutes sortes, avec les plumes et tout et tout.<\/p>\n<p>Dinde, chapon, poularde, oie, faisan, mais aussi canard, cailles, ou un bon vieux poulet, de race ancienne de pr\u00e9f\u00e9rence (coucou de Rennes, Gauloise blanche&#8230;) pour que \u00e7a fasse plus exceptionnel. J&rsquo;ach\u00e8te le mien chez <a href=\"http:\/\/www.terroirs-avenir.fr\/produits\/poulette-et-poularde-de-la-cour-darmoise\/\">Terroirs d&rsquo;Avenir<\/a>.<\/p>\n<p>On peut aussi servir du <b>gibier<\/b>, et \u00e7a fait toujours son petit effet. Je me souviens de l&rsquo;ann\u00e9e o\u00f9 mon oncle a fait r\u00f4tir une cuisse de sanglier, et la fois o\u00f9 le p\u00e8re d&rsquo;un ami a fait r\u00f4tir un demi-chevreuil \u00e0 la broche, pendant des heures, dans la chemin\u00e9e ouverte d&rsquo;un ancien corps de ferme.<\/p>\n<p>Plus adapt\u00e9es \u00e0 une petite tabl\u00e9e, voici mes recettes de poulet pr\u00e9f\u00e9r\u00e9es, qu&rsquo;on peut appliquer \u00e0 d&rsquo;autres types de volaille :<\/p>\n<h3><a href=\"https:\/\/cnz.to\/vf\/recettes\/viandes\/le-poulet-de-muriel-recette\/\">Le Poulet de Muriel<\/a><\/h3>\n<p>Une recette simple et infaillible. Tout ce dont vous avez besoin, c&rsquo;est de quelques ingr\u00e9dients de qualit\u00e9 et la patience de les laisser cuire doucement.<\/p>\n<p><a href=\"https:\/\/cnz.to\/vf\/recettes\/viandes\/le-poulet-de-muriel-recette\/\"><img loading=\"lazy\" class=\"alignnone size-full wp-image-5963\" src=\"https:\/\/cnz.to\/vf\/wp-content\/uploads\/2006\/10\/poulet_muriel.jpg\" alt=\"Poulet de Muriel\" width=\"760\" height=\"505\" style=\"width:100%\" srcset=\"https:\/\/cnz.to\/vf\/wp-content\/uploads\/2006\/10\/poulet_muriel.jpg 760w, https:\/\/cnz.to\/vf\/wp-content\/uploads\/2006\/10\/poulet_muriel-300x200.jpg 300w, https:\/\/cnz.to\/vf\/wp-content\/uploads\/2006\/10\/poulet_muriel-355x237.jpg 355w\" sizes=\"(max-width: 760px) 100vw, 760px\" \/><\/a><\/p>\n<h3><a href=\"https:\/\/cnz.to\/vf\/recettes\/viandes\/poulet-en-crapaudine-a-la-brique-recette\/\">Poulet en crapaudine \u00ab\u00a0\u00e0 la brique\u00a0\u00bb<\/a><\/h3>\n<p>L&rsquo;un de mes techniques pr\u00e9f\u00e9r\u00e9es pour les volailles, c&rsquo;est de les faire r\u00f4tir \u00e0 plat (voir <a href=\"https:\/\/cnz.to\/vf\/trucs-et-astuces\/comment-decouper-poulet-en-crapaudine\/\">comment d\u00e9couper un poulet en crapaudine<\/a>). Cette m\u00e9thode donne une viande parfaitement r\u00f4tie et moelleuse, avec un temps de cuisson plus court.<\/p>\n<p><a href=\"https:\/\/cnz.to\/vf\/recettes\/viandes\/poulet-en-crapaudine-a-la-brique-recette\/\"><img loading=\"lazy\" class=\"alignnone size-full wp-image-6500\" src=\"https:\/\/cnz.to\/vf\/wp-content\/uploads\/2015\/08\/crapaudine-6.jpg\" alt=\"Poulet en crapaudine\" width=\"760\" height=\"507\" style=\"width:100%\" srcset=\"https:\/\/cnz.to\/vf\/wp-content\/uploads\/2015\/08\/crapaudine-6.jpg 760w, https:\/\/cnz.to\/vf\/wp-content\/uploads\/2015\/08\/crapaudine-6-300x200.jpg 300w, https:\/\/cnz.to\/vf\/wp-content\/uploads\/2015\/08\/crapaudine-6-355x237.jpg 355w, https:\/\/cnz.to\/vf\/wp-content\/uploads\/2015\/08\/crapaudine-6-600x400.jpg 600w\" sizes=\"(max-width: 760px) 100vw, 760px\" \/><\/a><\/p>\n<h3><a href=\"https:\/\/cnz.to\/vf\/recettes\/viandes\/poulet-en-croute-de-sel-recette\/\">Poulet en cro\u00fbte de sel<\/a><\/h3>\n<p>La cro\u00fbte de sel permet au poulet de cuire dans son propre jus, et donne aussi une certaine flexibilit\u00e9 pour le temps de cuisson &#8212; important quand on re\u00e7oit !<\/p>\n<p><img loading=\"lazy\" class=\"alignnone size-full wp-image-4780\" src=\"https:\/\/cnz.to\/vf\/wp-content\/uploads\/2011\/01\/salt_crusted_chicken-3.jpg\" alt=\"Poulet en cro\u00fbte de sel\" width=\"760\" height=\"505\" style=\"width:100%\" srcset=\"https:\/\/cnz.to\/vf\/wp-content\/uploads\/2011\/01\/salt_crusted_chicken-3.jpg 760w, https:\/\/cnz.to\/vf\/wp-content\/uploads\/2011\/01\/salt_crusted_chicken-3-300x200.jpg 300w, https:\/\/cnz.to\/vf\/wp-content\/uploads\/2011\/01\/salt_crusted_chicken-3-355x237.jpg 355w\" sizes=\"(max-width: 760px) 100vw, 760px\" \/><\/p>\n<h3><a href=\"https:\/\/cnz.to\/vf\/recettes\/viandes\/poulet-en-croute-de-pain-recette\/\">Poulet en cro\u00fbte de pain<\/a><\/h3>\n<p>Cette recette deux-en-un est parfaite pour un repas de f\u00eate : on entoure la volaille d&rsquo;un manteau de p\u00e2te \u00e0 pain, que l&rsquo;on peut ensuite d\u00e9couper et servir, pour saucer le jus de cuisson d\u00e9licieux.<\/p>\n<p><img loading=\"lazy\" class=\"alignnone size-full wp-image-5643\" src=\"https:\/\/cnz.to\/vf\/wp-content\/uploads\/2008\/06\/chicken_bread_crust-2.jpg\" alt=\"Poulet en cro\u00fbte de pain\" width=\"760\" height=\"505\" style=\"width:100%\" srcset=\"https:\/\/cnz.to\/vf\/wp-content\/uploads\/2008\/06\/chicken_bread_crust-2.jpg 760w, https:\/\/cnz.to\/vf\/wp-content\/uploads\/2008\/06\/chicken_bread_crust-2-300x200.jpg 300w, https:\/\/cnz.to\/vf\/wp-content\/uploads\/2008\/06\/chicken_bread_crust-2-355x237.jpg 355w\" sizes=\"(max-width: 760px) 100vw, 760px\" \/><\/p>\n<h2>Accompagnements<\/h2>\n<p>Bon, la viande au milieu de la table, c&rsquo;est chouette et tout \u00e7a, mais <b>en vrai ce qui est excitant<\/b>, c&rsquo;est les accompagnements, n&rsquo;est-ce pas ? Ces plats color\u00e9s et pleins de saveur qui circulent d&rsquo;un c\u00f4t\u00e9 \u00e0 l&rsquo;autre de la table et qu&rsquo;on se passe dans un concert de politesses joyeuses, c&rsquo;est \u00e7a mon vrai bonheur.<\/p>\n<p>Chaque famille a ses sp\u00e9cialit\u00e9s ; le mieux est de s&rsquo;en tenir aux <b>produits de saison<\/b> : l\u00e9gumes racine, courges d&rsquo;hiver, toutes sortes de choux, champignons, ch\u00e2taignes&#8230; Ma m\u00e8re pr\u00e9pare en g\u00e9n\u00e9ral une pur\u00e9e de c\u00e9leri-rave, des pommes de terres, et une po\u00eal\u00e9e de ch\u00e2taignes ; voici quelques suggestions suppl\u00e9mentaires.<\/p>\n<h3><a href=\"https:\/\/cnz.to\/vf\/recettes\/legumes-et-cereales\/choux-de-bruxelles-oignons-et-graines-de-courge-recette\/\">Choux de Bruxelles, oignons et graines de courge<\/a><\/h3>\n<p>Ces graines de courge que vous gardez dans votre placard pour vous-ne-savez-plus-quoi ? Elles reviennent de droit \u00e0 ces choux de Bruxelles, tendres et savoureux, qui effaceront illico les mauvais souvenirs de cantine.<\/p>\n<p><a href=\"https:\/\/cnz.to\/vf\/recettes\/legumes-et-cereales\/choux-de-bruxelles-oignons-et-graines-de-courge-recette\/\"><img loading=\"lazy\" src=\"https:\/\/cnz.to\/vf\/wp-content\/uploads\/2009\/02\/brussels_sprouts.jpg\" alt=\"Choux de Bruxelles\" width=\"760\" height=\"505\" style=\"width:100%\" class=\"alignnone size-full wp-image-6274\" srcset=\"https:\/\/cnz.to\/vf\/wp-content\/uploads\/2009\/02\/brussels_sprouts.jpg 760w, https:\/\/cnz.to\/vf\/wp-content\/uploads\/2009\/02\/brussels_sprouts-300x200.jpg 300w, https:\/\/cnz.to\/vf\/wp-content\/uploads\/2009\/02\/brussels_sprouts-355x237.jpg 355w, https:\/\/cnz.to\/vf\/wp-content\/uploads\/2009\/02\/brussels_sprouts-600x400.jpg 600w\" sizes=\"(max-width: 760px) 100vw, 760px\" \/><\/a><\/p>\n<h3><a href=\"https:\/\/cnz.to\/vf\/recettes\/pates\/gratin-lumaconi-farcis-courge-butternut-chataignes-recette\/\">Gratin de lumaconi farcis, courge butternut et ch\u00e2taignes<\/a><\/h3>\n<p>Des p\u00e2tes farcies tr\u00e8s faciles \u00e0 r\u00e9aliser, mais n\u00e9anmoins sophistiqu\u00e9es et en plein dans la saison. S&rsquo;il y a des v\u00e9g\u00e9tariens parmi vous, cette recette a assez de personnalit\u00e9 et de substance pour pouvoir \u00eatre pr\u00e9sent\u00e9e comme un plat sp\u00e9cial pour eux.<\/p>\n<p><a href=\"https:\/\/cnz.to\/vf\/recettes\/pates\/gratin-lumaconi-farcis-courge-butternut-chataignes-recette\/\"><img loading=\"lazy\" class=\"alignnone size-full wp-image-9703\" src=\"https:\/\/cnz.to\/vf\/wp-content\/uploads\/2016\/12\/lumaconi_h.jpg\" alt=\"Lumaconi farcis, courge butternut et ch\u00e2taigne\" width=\"760\" height=\"507\" style=\"width:100%\" srcset=\"https:\/\/cnz.to\/vf\/wp-content\/uploads\/2016\/12\/lumaconi_h.jpg 760w, https:\/\/cnz.to\/vf\/wp-content\/uploads\/2016\/12\/lumaconi_h-300x200.jpg 300w, https:\/\/cnz.to\/vf\/wp-content\/uploads\/2016\/12\/lumaconi_h-355x237.jpg 355w, https:\/\/cnz.to\/vf\/wp-content\/uploads\/2016\/12\/lumaconi_h-600x400.jpg 600w\" sizes=\"(max-width: 760px) 100vw, 760px\" \/><\/p>\n<h3><a href=\"https:\/\/cnz.to\/vf\/recettes\/legumes-et-cereales\/pommes-de-terre-roties-parfaites-recette\/\">Pommes de terre r\u00f4ties parfaites<\/a><\/h3>\n<p>Mais quel est donc le secret des pommes de terre r\u00f4ties parfaites, croustillantes \u00e0 l&rsquo;ext\u00e9rieur, fondantes \u00e0 l&rsquo;int\u00e9rieur ? C&rsquo;est tr\u00e8s facile, je vous montre.<\/p>\n<p><a href=\"https:\/\/cnz.to\/vf\/recettes\/legumes-et-cereales\/pommes-de-terre-roties-parfaites-recette\/\"><img loading=\"lazy\" class=\"alignnone size-full wp-image-9317\" src=\"https:\/\/cnz.to\/vf\/wp-content\/uploads\/2010\/01\/perfect_roasted_potatoes.jpg\" alt=\"Pommes de terre r\u00f4ties parfaites\" width=\"760\" height=\"507\" style=\"width:100%\" srcset=\"https:\/\/cnz.to\/vf\/wp-content\/uploads\/2010\/01\/perfect_roasted_potatoes.jpg 760w, https:\/\/cnz.to\/vf\/wp-content\/uploads\/2010\/01\/perfect_roasted_potatoes-300x200.jpg 300w, https:\/\/cnz.to\/vf\/wp-content\/uploads\/2010\/01\/perfect_roasted_potatoes-355x237.jpg 355w, https:\/\/cnz.to\/vf\/wp-content\/uploads\/2010\/01\/perfect_roasted_potatoes-600x400.jpg 600w\" sizes=\"(max-width: 760px) 100vw, 760px\" \/><\/a><\/p>\n<h3><a href=\"https:\/\/cnz.to\/vf\/recettes\/legumes-et-cereales\/gratin-dauphinois-recette\/\">Gratin dauphinois<\/a><\/h3>\n<p>LA recette inratable pour un gratin dauphinois cr\u00e9meux sans \u00eatre plombant. L&rsquo;avantage, c&rsquo;est que c&rsquo;est encore meilleur r\u00e9chauff\u00e9, donc c&rsquo;est un bon plat \u00e0 r\u00e9aliser \u00e0 l&rsquo;avance.<\/p>\n<p><a href=\"https:\/\/cnz.to\/vf\/recettes\/legumes-et-cereales\/gratin-dauphinois-recette\/\"><img loading=\"lazy\" class=\"alignnone size-full wp-image-4576\" src=\"https:\/\/cnz.to\/vf\/wp-content\/uploads\/2009\/06\/gratin_dauphinois.jpg\" alt=\"Gratin dauphinois\" width=\"505\" height=\"760\" style=\"width:66.447368421053%\" srcset=\"https:\/\/cnz.to\/vf\/wp-content\/uploads\/2009\/06\/gratin_dauphinois.jpg 505w, https:\/\/cnz.to\/vf\/wp-content\/uploads\/2009\/06\/gratin_dauphinois-199x300.jpg 199w\" sizes=\"(max-width: 505px) 100vw, 505px\" \/><\/a><\/p>\n<h2>Le plateau de fromage<\/h2>\n<p>Jean-Anthelme Brillat-Savarin a \u00e9crit qu&rsquo;un repas sans fromage est une belle \u00e0 qui il manque un \u0153il. \u00c7a me frappe aujourd&rsquo;hui comme \u00e9tant \u00e0 la fois sexiste et <a href=\"https:\/\/fr.wikipedia.org\/wiki\/Capacitisme\">capacitiste<\/a> (bien jou\u00e9, J.A.!) mais dans le contexte de l&rsquo;\u00e9poque, c&rsquo;\u00e9tait sans doute plein d&rsquo;esprit.<\/p>\n<p>Bref. L\u00e0 o\u00f9 on est d&rsquo;accord, Jean-Anthelme et moi, c&rsquo;est que le plateau de fromage est <b>une petite f\u00eate \u00e0 lui tout seul<\/b>, et qu&rsquo;en France on accorde un soin tout particulier \u00e0 composer un assortiment harmonieux mais vari\u00e9, avec diff\u00e9rentes formes, types de lait, forme, type d&rsquo;affinage, etc. Tous mes conseils et plein d&rsquo;exemples dans mon e-book <a href=\"http:\/\/cnz.to\/ebookvf\">Chocolate &#038; Zucchini : Le Livre<\/a>.<\/p>\n<h3><a href=\"https:\/\/cnz.to\/vf\/recettes\/pains-et-brioches\/pain-au-levain-recette\/\">Pain au levain<\/a><\/h3>\n<p>Pas de repas de f\u00eate fran\u00e7ais sans du bon pain propos\u00e9 tout au long du repas, avec une recharge des pani\u00e8res au moment du fromage.<\/p>\n<p>Je ne sugg\u00e8re \u00e9videmment pas que vous fassiez votre propre pain si c&rsquo;est vous qui recevez (burnout imminent !). Mais un pain au levain fait maison, c&rsquo;est quand m\u00eame la super classe comme contribution \u00e0 un d\u00eener chez quelqu&rsquo;un d&rsquo;autre. En plus, dans le m\u00e9tro, tout le monde se demandera d&rsquo;o\u00f9 vient cette odeur sublime, et ce sera vous ! Vous pouvez m\u00eame grigner le dessus du pain de l&rsquo;initiale de votre h\u00f4te, <a href=\"http:\/\/lapeaudourse.blogspot.fr\/2011\/01\/impose-ta-chance-serre-ton-bonheur-et.html\">comme je l&rsquo;ai fait parfois<\/a>.<\/p>\n<p><a href=\"https:\/\/cnz.to\/vf\/recettes\/pains-et-brioches\/pain-au-levain-recette\/\"><img loading=\"lazy\" class=\"alignnone size-full wp-image-4690\" src=\"https:\/\/cnz.to\/vf\/wp-content\/uploads\/2009\/07\/natural_starter_bread-2.jpg\" alt=\"Pain au levain\" width=\"760\" height=\"505\" style=\"width:100%\" srcset=\"https:\/\/cnz.to\/vf\/wp-content\/uploads\/2009\/07\/natural_starter_bread-2.jpg 760w, https:\/\/cnz.to\/vf\/wp-content\/uploads\/2009\/07\/natural_starter_bread-2-300x200.jpg 300w, https:\/\/cnz.to\/vf\/wp-content\/uploads\/2009\/07\/natural_starter_bread-2-355x237.jpg 355w\" sizes=\"(max-width: 760px) 100vw, 760px\" \/><\/a><\/p>\n<h2>Dessert<\/h2>\n<p>Vous \u00eates toujours avec moi ? Courage, il n&rsquo;y a plus que le dessert !<\/p>\n<h3>B\u00fbche de No\u00ebl<\/h3>\n<p>LE dessert typique pour finir le repas de No\u00ebl, traditionnellement surmont\u00e9 de d\u00e9corations en plastique kitsch &#8212; petits p\u00e8res No\u00ebl, minuscules scies et tra\u00eeneaux, mini nains ou rennes &#8212; que les enfants se disputent et gardent dans leur bo\u00eete \u00e0 tr\u00e9sors jusqu&rsquo;\u00e0 l&rsquo;ann\u00e9e suivante. La b\u00fbche peut \u00eatre faite de glace (b\u00fbche dite glac\u00e9e) ou de g\u00e9noise et cr\u00e8me au beurre (b\u00fbche dite p\u00e2tissi\u00e8re).<\/p>\n<p>Personne n&rsquo;imagine un seul instant que l&rsquo;h\u00f4te la fera lui-m\u00eame. La plupart des gens la commandent chez le p\u00e2tissier du coin, ou l&rsquo;ach\u00e8tent congel\u00e9e, dans un magasin de produits surgel\u00e9s ou au supermarch\u00e9. Il est alors important de v\u00e9rifier si on a achet\u00e9 une b\u00fbche glac\u00e9e ou une b\u00fbche p\u00e2tissi\u00e8re, histoire de ne pas faire d\u00e9congeler la glace ni servir le g\u00e2teau encore congel\u00e9 \u00e0 l&rsquo;int\u00e9rieur. #lefaildelab\u00fbche.<\/p>\n<p>Si vous avez les moyens et que vous voulez impressionner vos beaux-parents, vous pouvez taper dans la <b>p\u00e2tisserie haute couture<\/b> et acheter la derni\u00e8re cr\u00e9ation de votre p\u00e2tissier de luxe pr\u00e9f\u00e9r\u00e9.<\/p>\n<h3><a href=\"https:\/\/cnz.to\/vf\/recettes\/tartes-et-gateaux\/buche-de-noel-a-la-framboise\/\">B\u00fbche de No\u00ebl \u00e0 la framboise<\/a><\/h3>\n<p>N\u00e9anmoins, si vous pr\u00e9f\u00e9rez ce qui est simple et fait maison, je recommande cette b\u00fbche de No\u00ebl fra\u00eeche et l\u00e9g\u00e8re. Elle n&rsquo;est vraiment pas difficile \u00e0 faire, et vous pouvez la pr\u00e9parer la veille et l&rsquo;assembler le jour J. J&rsquo;ai plusieurs lecteurs qui m&rsquo;ont rapport\u00e9 qu&rsquo;elle avait vol\u00e9 la vedette \u00e0 la b\u00fbche super design que quelqu&rsquo;un d&rsquo;autre avait apport\u00e9e (d\u00e9sol\u00e9e).<\/p>\n<p><a href=\"https:\/\/cnz.to\/vf\/recettes\/tartes-et-gateaux\/buche-de-noel-a-la-framboise\/\"><img loading=\"lazy\" class=\"alignnone size-full wp-image-6003\" src=\"https:\/\/cnz.to\/vf\/wp-content\/uploads\/2014\/12\/buche_framboise.jpg\" alt=\"B\u00fbche de No\u00ebl \u00e0 la framboise\" width=\"760\" height=\"507\" style=\"width:100%\" srcset=\"https:\/\/cnz.to\/vf\/wp-content\/uploads\/2014\/12\/buche_framboise.jpg 760w, https:\/\/cnz.to\/vf\/wp-content\/uploads\/2014\/12\/buche_framboise-300x200.jpg 300w, https:\/\/cnz.to\/vf\/wp-content\/uploads\/2014\/12\/buche_framboise-355x237.jpg 355w, https:\/\/cnz.to\/vf\/wp-content\/uploads\/2014\/12\/buche_framboise-600x400.jpg 600w\" sizes=\"(max-width: 760px) 100vw, 760px\" \/><\/a><\/p>\n<h3><a href=\"https:\/\/cnz.to\/vf\/recettes\/desserts\/dacquoise-a-la-framboise-recette\/\">Dacquoise \u00e0 la framboise<\/a><\/h3>\n<p>Un dessert vraiment joli et vraiment bon, qui a illumin\u00e9 de nombreux r\u00e9veillon du Nouvel An chez moi. Toujours beaucoup de fra\u00eecheur, avec des framboises acidul\u00e9es et une garniture l\u00e9g\u00e8re entre deux couches de biscuit moelleux \u00e0 l&rsquo;amande.<\/p>\n<p><a href=\"https:\/\/cnz.to\/vf\/recettes\/desserts\/dacquoise-a-la-framboise-recette\/\"><img loading=\"lazy\" class=\"alignnone size-full wp-image-4723\" src=\"https:\/\/cnz.to\/vf\/wp-content\/uploads\/2009\/01\/dacquoise-3.jpg\" alt=\"Raspberry Dacquoise\" width=\"760\" height=\"505\" style=\"width:100%\" srcset=\"https:\/\/cnz.to\/vf\/wp-content\/uploads\/2009\/01\/dacquoise-3.jpg 760w, https:\/\/cnz.to\/vf\/wp-content\/uploads\/2009\/01\/dacquoise-3-300x200.jpg 300w, https:\/\/cnz.to\/vf\/wp-content\/uploads\/2009\/01\/dacquoise-3-355x237.jpg 355w\" sizes=\"(max-width: 760px) 100vw, 760px\" \/><\/a><\/p>\n<h3><a href=\"https:\/\/cnz.to\/vf\/recettes\/biscuits-et-petits-gateaux\/biscuits-de-noel-recette\/\">Biscuits de No\u00ebl<\/a> avec <a href=\"https:\/\/cnz.to\/vf\/recettes\/glaces-et-sorbets\/sorbet-au-chocolat-noir-recette\/\">sorbet au chocolat noir<\/a> ou <a href=\"https:\/\/cnz.to\/vf\/recettes\/desserts\/mousse-au-chocolat-aquafaba-recette\/\">mousse au chocolat<\/a><\/h3>\n<p>Pour casser les codes mais pas trop, servez un sorbet ou une mousse au chocolat avec des petits sabl\u00e9s croquants (et de gr\u00e2ce, invitez-moi !).<\/p>\n<p><a href=\"https:\/\/cnz.to\/vf\/recettes\/biscuits-et-petits-gateaux\/biscuits-de-noel-recette\/\"><img loading=\"lazy\" class=\"alignnone size-full wp-image-5891\" src=\"https:\/\/cnz.to\/vf\/wp-content\/uploads\/2010\/12\/sablesnoel.jpg\" alt=\"Biscuits de No\u00ebl\" width=\"760\" height=\"505\" style=\"width:100%\" srcset=\"https:\/\/cnz.to\/vf\/wp-content\/uploads\/2010\/12\/sablesnoel.jpg 760w, https:\/\/cnz.to\/vf\/wp-content\/uploads\/2010\/12\/sablesnoel-300x200.jpg 300w, https:\/\/cnz.to\/vf\/wp-content\/uploads\/2010\/12\/sablesnoel-355x237.jpg 355w\" sizes=\"(max-width: 760px) 100vw, 760px\" \/><\/a><\/p>\n<h3>Fruits exotiques<\/h3>\n<p>Pour ceux qui pr\u00e9f\u00e8rent un dessert vraiment ax\u00e9 sur le fruit, on peut s&rsquo;inspirer de ma tante et servir un plateau de fruits exotiques, qui prennent ainsi la rel\u00e8ve des fruits locaux en hibernation. Et si on veut cuisiner quand m\u00eame un tout petit peu, on peut proposer cet ananas r\u00f4ti plein de gourmandise, avec de la cr\u00e8me de coco fouett\u00e9e.<\/p>\n<p><a href=\"https:\/\/cnz.to\/vf\/recettes\/desserts\/ananas-roti-a-la-vanille-et-creme-fouettee-coco-recette\/\"><img loading=\"lazy\" class=\"alignnone size-full wp-image-4164\" src=\"https:\/\/cnz.to\/vf\/wp-content\/uploads\/2013\/10\/ananasroti.jpg\" alt=\"Ananas r\u00f4ti \u00e0 la vanille et cr\u00e8me fouett\u00e9e coco\" width=\"760\" height=\"505\" style=\"width:100%\" srcset=\"https:\/\/cnz.to\/vf\/wp-content\/uploads\/2013\/10\/ananasroti.jpg 760w, https:\/\/cnz.to\/vf\/wp-content\/uploads\/2013\/10\/ananasroti-300x200.jpg 300w, https:\/\/cnz.to\/vf\/wp-content\/uploads\/2013\/10\/ananasroti-355x237.jpg 355w\" sizes=\"(max-width: 760px) 100vw, 760px\" \/><\/a><\/p>\n<h3><a href=\"https:\/\/cnz.to\/vf\/recettes\/tartes-et-gateaux\/galette-des-rois-recette\/\">Galette des Rois<\/a><\/h3>\n<p>D\u00e8s que minuit sonne le 31 d\u00e9cembre, les elfes p\u00e2tissiers commencent \u00e0 aligner dans les vitrines des boulangeries les galettes des Rois, qui sont en principe destin\u00e9s \u00e0 f\u00eater l&rsquo;&Eacute;piphanie (pr\u00e9sentation de J\u00e9sus aux Rois-Mages) le 6 janvier. On ne les sert donc pas \u00e0 No\u00ebl ni au r\u00e9veillon du Nouvel An, mais si vous organisez quelque chose pour <b>le jour de l&rsquo;An<\/b> alors oui, \u00e7a se fait !<\/p>\n<p><a href=\"https:\/\/cnz.to\/vf\/recettes\/tartes-et-gateaux\/galette-des-rois-recette\/\"><img loading=\"lazy\" class=\"alignnone size-full wp-image-4356\" src=\"https:\/\/cnz.to\/vf\/wp-content\/uploads\/2010\/01\/galette-8.jpg\" alt=\"Galette des rois\" width=\"760\" height=\"505\" style=\"width:100%\" srcset=\"https:\/\/cnz.to\/vf\/wp-content\/uploads\/2010\/01\/galette-8.jpg 760w, https:\/\/cnz.to\/vf\/wp-content\/uploads\/2010\/01\/galette-8-300x200.jpg 300w, https:\/\/cnz.to\/vf\/wp-content\/uploads\/2010\/01\/galette-8-355x237.jpg 355w\" sizes=\"(max-width: 760px) 100vw, 760px\" \/><\/a><\/p>\n<h3><a href=\"https:\/\/cnz.to\/recipes\/candy-mignardises\/mendiants-recipe\/\">Mendiants au chocolat<\/a> et Treize Desserts<\/h3>\n<p>Les mendiants au chocolat, ces disques de chocolat garnis de fruits secs, sont un d\u00e9licieux hommage \u00e0 la tradition proven\u00e7ale des Treize Desserts.<\/p>\n<p>Pourquoi treize ? Pour J\u00e9sus et ses douze disciples. \u00c7a prend la forme d&rsquo;un grand plateau rempli de douceurs que les invit\u00e9s peuvent grignoter : pompe \u00e0 huile (une sorte de fougasse \u00e0 la fleur d&rsquo;oranger) et oreillettes (petits beignets), des fruits secs (figues, raisins secs, dattes, noix, noisettes, amandes), du nougat noir et blanc, et des fruits frais de saison (cl\u00e9mentines, pommes, poires). Au-del\u00e0 de ces \u00e9l\u00e9ments traditionnels, on peut ajouter des petits chocolats comme ces <a href=\"https:\/\/cnz.to\/recipes\/candy-mignardises\/mendiants-recipe\/\">mendiants<\/a> ou ces <a href=\"Http:\/\/cnz.to\/recipes\/candy-mignardises\/shortcut-orangettes-recipe\/\">orangettes<\/a>, de la p\u00e2te d&rsquo;amande, ou toute autre friandise simple. Ces plateaux sont traditionnellement propos\u00e9s pendant les trois jours qui suivent No\u00ebl, mais il n&rsquo;est pas dit qu&rsquo;ils durent aussi longtemps.<\/p>\n<p><a href=\"https:\/\/cnz.to\/recipes\/candy-mignardises\/mendiants-recipe\/\"><img loading=\"lazy\" class=\"alignnone size-full wp-image-8874\" src=\"https:\/\/cnz.to\/wp-content\/uploads\/2003\/12\/mendiants.jpg\" alt=\"French Chocolate Mendiants\" width=\"760\" height=\"505\" style=\"width:100%\" \/><\/a><\/p>\n<h3><a href=\"https:\/\/cnz.to\/vf\/recettes\/cadeaux-gourmands\/meilleurs-cadeaux-gourmands\/\">Cadeaux gourmands<\/a><\/h3>\n<p>Si ce n&rsquo;est pas vous qui recevez pour les f\u00eates cette ann\u00e9e, il vous faut quand m\u00eame songer \u00e0 apporter un petit cadeau pour la personne qui s&rsquo;y colle. &Agrave; mon sens, rien ne vaut un cadeau gourmand et fait maison, et voici mes recettes pr\u00e9f\u00e9r\u00e9es en la mati\u00e8re :<\/p>\n<p><img loading=\"lazy\" class=\"alignnone size-full wp-image-7238\" src=\"https:\/\/cnz.to\/vf\/wp-content\/uploads\/2015\/12\/edible_gifts_vf.jpg\" alt=\"Mes 12 meilleurs cadeaux gourmands\" width=\"760\" height=\"608\" style=\"width:100%\" srcset=\"https:\/\/cnz.to\/vf\/wp-content\/uploads\/2015\/12\/edible_gifts_vf.jpg 760w, https:\/\/cnz.to\/vf\/wp-content\/uploads\/2015\/12\/edible_gifts_vf-300x240.jpg 300w\" sizes=\"(max-width: 760px) 100vw, 760px\" \/><\/p>\n<h2>Et vous alors ?<\/h2>\n<p>Comment \u00e7a se passe dans votre famille et avec vos amis ? Quelles sont vos traditions et vos incontournables recettes pour les f\u00eates ?<\/p>\n<p>* Je vais vous faire un aveu : je ne suis pas une grande f\u00eatarde et je ne d\u00e9teste rien plus que de devoir trouver un taxi au milieu de la nuit un 31 d\u00e9cembre. Pour \u00e9viter cette situation, nous avons longtemps organis\u00e9 des r\u00e9veillons tr\u00e8s sympathiques chez nous. Mais maintenant que nous avons des enfants et que la logistique est un peu plus complexe, <b>mon luxe ultime<\/b> le 31, c&rsquo;est de rester \u00e0 la maison, de regarder un film, de manger du brocoli r\u00f4ti et du chocolat noir (l&rsquo;un apr\u00e8s l&rsquo;autre, je pr\u00e9cise) et d&rsquo;\u00e9teindre \u00e0 minuit (et encore).<\/p>\n","protected":false},"excerpt":{"rendered":"<p>No\u00ebl n&rsquo;est plus qu&rsquo;\u00e0 quelques jours (sans vouloir vous stresser ni rien) et j&rsquo;ai \u00e9t\u00e9 \u00e9tonn\u00e9e de m&rsquo;apercevoir que, en [&hellip;]<\/p>\n","protected":false},"author":5,"featured_media":9732,"comment_status":"open","ping_status":"closed","sticky":false,"template":"","format":"standard","meta":{"om_disable_all_campaigns":false,"_mi_skip_tracking":false},"categories":[409],"tags":[],"acf":[],"yoast_head":"<!-- This site is optimized with the Yoast SEO plugin v19.10 - https:\/\/yoast.com\/wordpress\/plugins\/seo\/ -->\n<title>Mes Meilleures Recettes pour les f\u00eates | Chocolate &amp; Zucchini<\/title>\n<meta name=\"description\" content=\"Vous \u00eates \u00e0 la recherche d&#039;id\u00e9es de recettes pour les f\u00eates qui soient simples mais festives et color\u00e9es ? Suivez mon guide des repas de f\u00eate !\" \/>\n<meta name=\"robots\" content=\"index, follow, max-snippet:-1, max-image-preview:large, max-video-preview:-1\" \/>\n<link rel=\"canonical\" href=\"https:\/\/cnz.to\/vf\/recettes\/autres-recettes\/meilleures-recettes-fetes\/\" \/>\n<meta property=\"og:locale\" content=\"fr_FR\" \/>\n<meta property=\"og:type\" content=\"article\" \/>\n<meta property=\"og:title\" content=\"Mes Meilleures Recettes pour les f\u00eates | Chocolate &amp; Zucchini\" \/>\n<meta property=\"og:description\" content=\"Vous \u00eates \u00e0 la recherche d&#039;id\u00e9es de recettes pour les f\u00eates qui soient simples mais festives et color\u00e9es ? Suivez mon guide des repas de f\u00eate !\" \/>\n<meta property=\"og:url\" content=\"https:\/\/cnz.to\/vf\/recettes\/autres-recettes\/meilleures-recettes-fetes\/\" \/>\n<meta property=\"og:site_name\" content=\"Chocolate &amp; Zucchini\" \/>\n<meta property=\"article:publisher\" content=\"https:\/\/www.facebook.com\/choczuc\/\" \/>\n<meta property=\"article:published_time\" content=\"2025-12-23T08:34:25+00:00\" \/>\n<meta property=\"article:modified_time\" content=\"2026-01-20T12:51:21+00:00\" \/>\n<meta property=\"og:image\" content=\"https:\/\/cnz.to\/vf\/wp-content\/uploads\/2016\/12\/french_holiday_meals_vf.jpg\" \/>\n\t<meta property=\"og:image:width\" content=\"760\" \/>\n\t<meta property=\"og:image:height\" content=\"524\" \/>\n\t<meta property=\"og:image:type\" content=\"image\/jpeg\" \/>\n<meta name=\"author\" content=\"Anne Elder\" \/>\n<meta name=\"twitter:card\" content=\"summary_large_image\" \/>\n<meta name=\"twitter:creator\" content=\"@clotildenet\" \/>\n<meta name=\"twitter:site\" content=\"@clotildenet\" \/>\n<meta name=\"twitter:label1\" content=\"Written by\" \/>\n\t<meta name=\"twitter:data1\" content=\"Anne Elder\" \/>\n\t<meta name=\"twitter:label2\" content=\"Est. reading time\" \/>\n\t<meta name=\"twitter:data2\" content=\"15 minutes\" \/>\n<script type=\"application\/ld+json\" class=\"yoast-schema-graph\">{\"@context\":\"https:\/\/schema.org\",\"@graph\":[{\"@type\":\"WebPage\",\"@id\":\"https:\/\/cnz.to\/vf\/recettes\/autres-recettes\/meilleures-recettes-fetes\/\",\"url\":\"https:\/\/cnz.to\/vf\/recettes\/autres-recettes\/meilleures-recettes-fetes\/\",\"name\":\"Mes Meilleures Recettes pour les f\u00eates | Chocolate &amp; Zucchini\",\"isPartOf\":{\"@id\":\"https:\/\/cnz.to\/vf\/#website\"},\"datePublished\":\"2025-12-23T08:34:25+00:00\",\"dateModified\":\"2026-01-20T12:51:21+00:00\",\"author\":{\"@id\":\"https:\/\/cnz.to\/vf\/#\/schema\/person\/1119b4c20b478c9ef9ddcf03ec9ed592\"},\"description\":\"Vous \u00eates \u00e0 la recherche d'id\u00e9es de recettes pour les f\u00eates qui soient simples mais festives et color\u00e9es ? Suivez mon guide des repas de f\u00eate !\",\"breadcrumb\":{\"@id\":\"https:\/\/cnz.to\/vf\/recettes\/autres-recettes\/meilleures-recettes-fetes\/#breadcrumb\"},\"inLanguage\":\"fr-FR\",\"potentialAction\":[{\"@type\":\"ReadAction\",\"target\":[\"https:\/\/cnz.to\/vf\/recettes\/autres-recettes\/meilleures-recettes-fetes\/\"]}]},{\"@type\":\"BreadcrumbList\",\"@id\":\"https:\/\/cnz.to\/vf\/recettes\/autres-recettes\/meilleures-recettes-fetes\/#breadcrumb\",\"itemListElement\":[{\"@type\":\"ListItem\",\"position\":1,\"name\":\"Home\",\"item\":\"https:\/\/cnz.to\/vf\/\"},{\"@type\":\"ListItem\",\"position\":2,\"name\":\"Mes Meilleures Recettes pour les f\u00eates\"}]},{\"@type\":\"WebSite\",\"@id\":\"https:\/\/cnz.to\/vf\/#website\",\"url\":\"https:\/\/cnz.to\/vf\/\",\"name\":\"Chocolate &amp; Zucchini\",\"description\":\"Recettes simples et astucieuses au fil des saisons\",\"potentialAction\":[{\"@type\":\"SearchAction\",\"target\":{\"@type\":\"EntryPoint\",\"urlTemplate\":\"https:\/\/cnz.to\/vf\/?s={search_term_string}\"},\"query-input\":\"required name=search_term_string\"}],\"inLanguage\":\"fr-FR\"},{\"@type\":\"Person\",\"@id\":\"https:\/\/cnz.to\/vf\/#\/schema\/person\/1119b4c20b478c9ef9ddcf03ec9ed592\",\"name\":\"Anne Elder\",\"image\":{\"@type\":\"ImageObject\",\"inLanguage\":\"fr-FR\",\"@id\":\"https:\/\/cnz.to\/vf\/#\/schema\/person\/image\/\",\"url\":\"https:\/\/secure.gravatar.com\/avatar\/1b47ce18283200d48661935de04a2284?s=96&d=mm&r=g\",\"contentUrl\":\"https:\/\/secure.gravatar.com\/avatar\/1b47ce18283200d48661935de04a2284?s=96&d=mm&r=g\",\"caption\":\"Anne Elder\"},\"url\":\"https:\/\/cnz.to\/vf\/author\/anne\/\"}]}<\/script>\n<!-- \/ Yoast SEO plugin. -->","yoast_head_json":{"title":"Mes Meilleures Recettes pour les f\u00eates | Chocolate &amp; Zucchini","description":"Vous \u00eates \u00e0 la recherche d'id\u00e9es de recettes pour les f\u00eates qui soient simples mais festives et color\u00e9es ? Suivez mon guide des repas de f\u00eate !","robots":{"index":"index","follow":"follow","max-snippet":"max-snippet:-1","max-image-preview":"max-image-preview:large","max-video-preview":"max-video-preview:-1"},"canonical":"https:\/\/cnz.to\/vf\/recettes\/autres-recettes\/meilleures-recettes-fetes\/","og_locale":"fr_FR","og_type":"article","og_title":"Mes Meilleures Recettes pour les f\u00eates | Chocolate &amp; Zucchini","og_description":"Vous \u00eates \u00e0 la recherche d'id\u00e9es de recettes pour les f\u00eates qui soient simples mais festives et color\u00e9es ? Suivez mon guide des repas de f\u00eate !","og_url":"https:\/\/cnz.to\/vf\/recettes\/autres-recettes\/meilleures-recettes-fetes\/","og_site_name":"Chocolate &amp; Zucchini","article_publisher":"https:\/\/www.facebook.com\/choczuc\/","article_published_time":"2025-12-23T08:34:25+00:00","article_modified_time":"2026-01-20T12:51:21+00:00","og_image":[{"width":760,"height":524,"url":"https:\/\/cnz.to\/vf\/wp-content\/uploads\/2016\/12\/french_holiday_meals_vf.jpg","type":"image\/jpeg"}],"author":"Anne Elder","twitter_card":"summary_large_image","twitter_creator":"@clotildenet","twitter_site":"@clotildenet","twitter_misc":{"Written by":"Anne Elder","Est. reading time":"15 minutes"},"schema":{"@context":"https:\/\/schema.org","@graph":[{"@type":"WebPage","@id":"https:\/\/cnz.to\/vf\/recettes\/autres-recettes\/meilleures-recettes-fetes\/","url":"https:\/\/cnz.to\/vf\/recettes\/autres-recettes\/meilleures-recettes-fetes\/","name":"Mes Meilleures Recettes pour les f\u00eates | Chocolate &amp; Zucchini","isPartOf":{"@id":"https:\/\/cnz.to\/vf\/#website"},"datePublished":"2025-12-23T08:34:25+00:00","dateModified":"2026-01-20T12:51:21+00:00","author":{"@id":"https:\/\/cnz.to\/vf\/#\/schema\/person\/1119b4c20b478c9ef9ddcf03ec9ed592"},"description":"Vous \u00eates \u00e0 la recherche d'id\u00e9es de recettes pour les f\u00eates qui soient simples mais festives et color\u00e9es ? Suivez mon guide des repas de f\u00eate !","breadcrumb":{"@id":"https:\/\/cnz.to\/vf\/recettes\/autres-recettes\/meilleures-recettes-fetes\/#breadcrumb"},"inLanguage":"fr-FR","potentialAction":[{"@type":"ReadAction","target":["https:\/\/cnz.to\/vf\/recettes\/autres-recettes\/meilleures-recettes-fetes\/"]}]},{"@type":"BreadcrumbList","@id":"https:\/\/cnz.to\/vf\/recettes\/autres-recettes\/meilleures-recettes-fetes\/#breadcrumb","itemListElement":[{"@type":"ListItem","position":1,"name":"Home","item":"https:\/\/cnz.to\/vf\/"},{"@type":"ListItem","position":2,"name":"Mes Meilleures Recettes pour les f\u00eates"}]},{"@type":"WebSite","@id":"https:\/\/cnz.to\/vf\/#website","url":"https:\/\/cnz.to\/vf\/","name":"Chocolate &amp; Zucchini","description":"Recettes simples et astucieuses au fil des saisons","potentialAction":[{"@type":"SearchAction","target":{"@type":"EntryPoint","urlTemplate":"https:\/\/cnz.to\/vf\/?s={search_term_string}"},"query-input":"required name=search_term_string"}],"inLanguage":"fr-FR"},{"@type":"Person","@id":"https:\/\/cnz.to\/vf\/#\/schema\/person\/1119b4c20b478c9ef9ddcf03ec9ed592","name":"Anne Elder","image":{"@type":"ImageObject","inLanguage":"fr-FR","@id":"https:\/\/cnz.to\/vf\/#\/schema\/person\/image\/","url":"https:\/\/secure.gravatar.com\/avatar\/1b47ce18283200d48661935de04a2284?s=96&d=mm&r=g","contentUrl":"https:\/\/secure.gravatar.com\/avatar\/1b47ce18283200d48661935de04a2284?s=96&d=mm&r=g","caption":"Anne Elder"},"url":"https:\/\/cnz.to\/vf\/author\/anne\/"}]}},"_links":{"self":[{"href":"https:\/\/cnz.to\/vf\/wp-json\/wp\/v2\/posts\/9725"}],"collection":[{"href":"https:\/\/cnz.to\/vf\/wp-json\/wp\/v2\/posts"}],"about":[{"href":"https:\/\/cnz.to\/vf\/wp-json\/wp\/v2\/types\/post"}],"author":[{"embeddable":true,"href":"https:\/\/cnz.to\/vf\/wp-json\/wp\/v2\/users\/5"}],"replies":[{"embeddable":true,"href":"https:\/\/cnz.to\/vf\/wp-json\/wp\/v2\/comments?post=9725"}],"version-history":[{"count":17,"href":"https:\/\/cnz.to\/vf\/wp-json\/wp\/v2\/posts\/9725\/revisions"}],"predecessor-version":[{"id":11385,"href":"https:\/\/cnz.to\/vf\/wp-json\/wp\/v2\/posts\/9725\/revisions\/11385"}],"wp:featuredmedia":[{"embeddable":true,"href":"https:\/\/cnz.to\/vf\/wp-json\/wp\/v2\/media\/9732"}],"wp:attachment":[{"href":"https:\/\/cnz.to\/vf\/wp-json\/wp\/v2\/media?parent=9725"}],"wp:term":[{"taxonomy":"category","embeddable":true,"href":"https:\/\/cnz.to\/vf\/wp-json\/wp\/v2\/categories?post=9725"},{"taxonomy":"post_tag","embeddable":true,"href":"https:\/\/cnz.to\/vf\/wp-json\/wp\/v2\/tags?post=9725"}],"curies":[{"name":"wp","href":"https:\/\/api.w.org\/{rel}","templated":true}]}}