{"id":9412,"date":"2017-01-24T11:00:05","date_gmt":"2017-01-24T10:00:05","guid":{"rendered":"https:\/\/cnz.to\/vf\/?p=9412"},"modified":"2017-06-12T16:18:29","modified_gmt":"2017-06-12T14:18:29","slug":"bonnes-adresses-strasbourg","status":"publish","type":"post","link":"https:\/\/cnz.to\/vf\/voyages\/bonnes-adresses-strasbourg\/","title":{"rendered":"O\u00f9 manger \u00e0 Strasbourg : Les bonnes adresses d&rsquo;une Strasbourgeoise"},"content":{"rendered":"<p><em>Il n\u2019y a pas que Paris dans la vie, et dans toutes les villes de France on trouve des p\u00e9pites innovantes et r\u00e9jouissantes pour les gourmands qui y vivent, ou qui viennent y passer un week-end. Pour cette s\u00e9rie de billets, j\u2019ai donc demand\u00e9 \u00e0 une petite \u00e9quipe de blogueurs un peu partout en France de vous ouvrir leur carnet d\u2019adresses et de partager avec vous leurs coups de coeur.<\/em><\/p>\n<h2><img loading=\"lazy\" class=\" wp-image-9849 alignright\" src=\"https:\/\/cnz.to\/vf\/wp-content\/uploads\/2017\/01\/frederique_atelier.png\" alt=\"Frederique\" width=\"207\" height=\"208\" srcset=\"https:\/\/cnz.to\/vf\/wp-content\/uploads\/2017\/01\/frederique_atelier.png 256w, https:\/\/cnz.to\/vf\/wp-content\/uploads\/2017\/01\/frederique_atelier-150x150.png 150w\" sizes=\"(max-width: 207px) 100vw, 207px\" \/>\u00c0 Strasbourg, Fr\u00e9d\u00e9rique\u00a0vous recommande\u2026<\/h2>\n<p>Ayant quitt\u00e9 Paris il y a\u00a0vingt-cinq ans, Fr\u00e9d\u00e9rique\u00a0Froidevaux a v\u00e9cu\u00a0quinze ans en Alsace, dont sept \u00e0 Strasbourg. Cette capitale europ\u00e9enne est une mine d&rsquo;or pour la gourmande qu&rsquo;elle est. <a href=\"http:\/\/www.atelierdevalentine.fr\">Cr\u00e9atrice textile<\/a>, son cr\u00e9do est \u00ab\u00a0d&#8217;embellir le quotidien\u00a0\u00bb ; elle embellit aussi celui de sa famille en passant une partie de son temps libre dans sa cuisine ! Elle\u00a0partage cette passion avec les lectrices\u00a0de <a href=\"http:\/\/www.atelierdevalentine.fr\/blog\">son\u00a0blog<\/a> qui ouvre les coulisses de son atelier. O\u00f9 va-t-elle nous emmener aujourd&rsquo;hui ?<\/p>\n<h3>Un\u00a0march\u00e9\u00a0ou une \u00e9picerie : Le march\u00e9 du boulevard de la Marne<\/h3>\n<p><img loading=\"lazy\" class=\"alignnone size-full wp-image-9781\" src=\"https:\/\/cnz.to\/vf\/wp-content\/uploads\/2017\/01\/marche_strasbourg-2.jpg\" alt=\"March\u00e9 Strasbourg\" width=\"760\" height=\"419\" style=\"width:100%\" srcset=\"https:\/\/cnz.to\/vf\/wp-content\/uploads\/2017\/01\/marche_strasbourg-2.jpg 760w, https:\/\/cnz.to\/vf\/wp-content\/uploads\/2017\/01\/marche_strasbourg-2-300x165.jpg 300w\" sizes=\"(max-width: 760px) 100vw, 760px\" \/><\/p>\n<p>Dans le quartier des XV-Orangerie, voici le plus grand march\u00e9 strasbourgeois. Il est install\u00e9 tout le long du boulevard de la Marne. C\u2019est un vrai march\u00e9 color\u00e9 et fourni, comme on aime, avec foison de commer\u00e7ants : primeurs, produits alimentaires (poisson, viande, charcuterie, fromage), miels, \u00e9pices, fleurs et plantes, v\u00eatements, chaussures, paniers et ustensiles de cuisine (comme les moules \u00e0 <a href=\"https:\/\/cnz.to\/vf\/recettes\/pains-et-brioches\/kouglof-recette\/\">kougelhopf<\/a>, ou les emportes-pi\u00e8ces pour les fameux sabl\u00e9s de no\u00ebl).\u00a0Ouvert le mardi et le samedi, le matin.<\/p>\n<p><!--more--><\/p>\n<h3>Une\u00a0adresse sucr\u00e9e :\u00a0<a href=\"http:\/\/www.westermann.fr\">Boulangerie Westermann<\/a><\/h3>\n<p><img loading=\"lazy\" class=\"alignnone size-full wp-image-9782\" src=\"https:\/\/cnz.to\/vf\/wp-content\/uploads\/2017\/01\/boulangerie-2.jpg\" alt=\"Boulangerie Westermann\" width=\"760\" height=\"1013\" style=\"width:100%\" srcset=\"https:\/\/cnz.to\/vf\/wp-content\/uploads\/2017\/01\/boulangerie-2.jpg 760w, https:\/\/cnz.to\/vf\/wp-content\/uploads\/2017\/01\/boulangerie-2-225x300.jpg 225w, https:\/\/cnz.to\/vf\/wp-content\/uploads\/2017\/01\/boulangerie-2-570x760.jpg 570w, https:\/\/cnz.to\/vf\/wp-content\/uploads\/2017\/01\/boulangerie-2-252x337.jpg 252w\" sizes=\"(max-width: 760px) 100vw, 760px\" \/><\/p>\n<p>Les Westermann font du pain depuis plusieurs g\u00e9n\u00e9rations, notamment pour leur c\u00e9l\u00e8bre restaurant gastronomique \u00e9toil\u00e9 <a href=\"http:\/\/www.buerehiesel.fr\">le Buerehiesel<\/a>. Pains, baguettes, viennoiseries sont p\u00e9tris, fa\u00e7onn\u00e9s et cuits sur place avec une volont\u00e9 de mettre l\u2019accent sur les mati\u00e8res premi\u00e8res alsaciennes (fili\u00e8re Als\u00e9pi). Le c\u00e9l\u00e8bre kougelhopf (brioche) est divin et sent bon le beurre.<\/p>\n<h3>Un\u00a0endroit pour prendre un th\u00e9 ou un caf\u00e9 :\u00a0<a href=\"http:\/\/salondethegrandrue.fr\">Salon de th\u00e9 Grand&rsquo;Rue<\/a><b><\/b><\/h3>\n<div id=\"attachment_9839\" class=\"wp-caption alignnone\" style=\"width: 100%\"><img loading=\"lazy\" class=\"size-full wp-image-9839\" src=\"https:\/\/cnz.to\/vf\/wp-content\/uploads\/2017\/01\/salon-de-the.jpg\" alt=\"Photo: Strasbourg Office de Tourisme\" width=\"760\" height=\"570\" style=\"width:100%\" srcset=\"https:\/\/cnz.to\/vf\/wp-content\/uploads\/2017\/01\/salon-de-the.jpg 760w, https:\/\/cnz.to\/vf\/wp-content\/uploads\/2017\/01\/salon-de-the-300x225.jpg 300w\" sizes=\"(max-width: 760px) 100vw, 760px\" \/><p class=\"wp-caption-text\">Photo: <a href=\"http:\/\/www.otstrasbourg.fr\/fr\/sejourner\/se-restaurer\/F223007968_salon-de-the-grand-rue-strasbourg.html?produit=223007968\">Strasbourg Office de Tourisme<\/a><\/p><\/div>\n<p>Dans une rue pi\u00e9tonne de la petite France, une institution strasbourgeoise dont la r\u00e9putation n\u2019est pas usurp\u00e9e. Deux petites terrasses l\u2019\u00e9t\u00e9 compl\u00e8tent une salle \u00e0 la d\u00e9coration chaleureuse et l\u00e9g\u00e8rement kitsch : un grand buffet de g\u00e2teaux et tartes qui ravit les yeux avant les papilles et une belle carte de th\u00e9s noirs, verts, rouges, blancs pour les amateurs ! Les p\u00e2tisseries, \u00e0 la coupe, sont traditionnellement servies avec coulis, ou cr\u00e8me anglaise, fruits de saison et meringue.<\/p>\n<p>Les portions sont si g\u00e9n\u00e9reuses que, pour les petits app\u00e9tits, il est possible de prendre le reste de son g\u00e2teau \u00e0 emporter&#8230;<\/p>\n<h3>Un resto\u00a0convivial pour d\u00eener avec des amis :\u00a0<a href=\"http:\/\/www.le-clou.com\">Restaurant Le Clou<\/a>, une winstub pour un repas alsacien<\/h3>\n<p><img loading=\"lazy\" class=\"alignnone size-full wp-image-9845\" src=\"https:\/\/cnz.to\/vf\/wp-content\/uploads\/2017\/01\/restaurantleclou.jpg\" alt=\"Restaurant Le Clou\" width=\"760\" height=\"1013\" style=\"width:100%\" srcset=\"https:\/\/cnz.to\/vf\/wp-content\/uploads\/2017\/01\/restaurantleclou.jpg 760w, https:\/\/cnz.to\/vf\/wp-content\/uploads\/2017\/01\/restaurantleclou-225x300.jpg 225w, https:\/\/cnz.to\/vf\/wp-content\/uploads\/2017\/01\/restaurantleclou-570x760.jpg 570w, https:\/\/cnz.to\/vf\/wp-content\/uploads\/2017\/01\/restaurantleclou-252x337.jpg 252w\" sizes=\"(max-width: 760px) 100vw, 760px\" \/><\/p>\n<p>Les plats typiques alsaciens, \u00e0 d\u00e9guster dans une winstub pour rester dans l\u2019esprit, sont g\u00e9n\u00e9reux, tiennent au corps, et sont la base d\u2019une cuisine de \u00ab bonne m\u00e9nag\u00e8re \u00bb. Ici, la sp\u00e9cialit\u00e9 est le W\u00e4dele (jambonneau) : il y est exceptionnel, servi avec de la choucroute ou des pommes de terre saut\u00e9es. Il vaut mieux venir avec une solide faim !<\/p>\n<p>Il est conseill\u00e9 de r\u00e9server, notamment pour le d\u00eener. Le service est rapide et souriant, m\u00eame lorsque le restaurant est plein ! La d\u00e9coration est \u00e0 l\u2019image du restaurant, tr\u00e8s traditionnelle et d\u00e9paysante, dans un style tr\u00e8s alsacien.<\/p>\n<h3>Un resto\u00a0pour un d\u00eener en t\u00eate \u00e0 t\u00eate :\u00a0<a href=\"http:\/\/restaurant-pierre-bois-et-feu.fr\">Restaurant Pierre Bois Feu<\/a><\/h3>\n<p><img loading=\"lazy\" class=\"alignnone size-full wp-image-9844\" src=\"https:\/\/cnz.to\/vf\/wp-content\/uploads\/2017\/01\/pierre_bois_feu.jpg\" alt=\"Restaurant Pierre Bois Feu\" width=\"760\" height=\"1140\" style=\"width:100%\" srcset=\"https:\/\/cnz.to\/vf\/wp-content\/uploads\/2017\/01\/pierre_bois_feu.jpg 760w, https:\/\/cnz.to\/vf\/wp-content\/uploads\/2017\/01\/pierre_bois_feu-200x300.jpg 200w, https:\/\/cnz.to\/vf\/wp-content\/uploads\/2017\/01\/pierre_bois_feu-507x760.jpg 507w\" sizes=\"(max-width: 760px) 100vw, 760px\" \/><\/p>\n<p>Il ne faut surtout pas s\u2019arr\u00eater \u00e0 la devanture de ce restaurant en entresol. Rien ne laisse pr\u00e9sager l\u2019aventure culinaire qui s\u2019offre \u00e0 nous, une fois la porte pass\u00e9e. Cette cuisine respecte avant tout les produits qui proviennent de fermiers r\u00e9gionaux et fran\u00e7ais. Elle est \u00e0 conseiller particuli\u00e8rement aux amateurs de viande rouge. Les desserts sont \u00e9galement d\u00e9licieux et faits maison. Il ne faut pas s\u2019attendre \u00e0 d\u00e9guster de la cuisine alsacienne traditionnelle, ce n\u2019est pas leur style de cuisine.<\/p>\n<p>La salle est joliment d\u00e9cor\u00e9e, \u00e9pur\u00e9e, avec une cuisine ouverte, ce qui permet de voir le chef travailler. R\u00e9servation tr\u00e8s conseill\u00e9e, car il y a une vingtaine de couverts seulement.<\/p>\n<h3>Une\u00a0adresse carte blanche :\u00a0<a href=\"https:\/\/www.facebook.com\/lamaisonauxpains\">La Maison aux Pains<\/a><\/h3>\n<p>Voil\u00e0 un boulanger \u00e0 l\u2019\u00e9coute de ses clients, et qui innove r\u00e9guli\u00e8rement ! Sa derni\u00e8re p\u00e9pite estivale : un gros pain avec une fermentation tr\u00e8s lente et double. Je vous conseille tout particuli\u00e8rement le pain \u00e0 la coupe que Lo\u00efc p\u00e9trit, fa\u00e7onne et cuit sur place dans sa boulangerie. Il privil\u00e9gie les circuits courts pour son approvisionnement en farines.<\/p>\n<p>Une mention sp\u00e9ciale pour son pain \u00ab family \u00bb, le \u00ab campagrains \u00bb, son pain aux fruits secs (noisettes, raisins, abricots&#8230;) et ses viennoiseries. Le petit rayon boissons fra\u00eeches originales, tout comme la petite \u00e9picerie de saison, sont l\u2019\u0153uvre de sa compagne Michelle, qui aime tester les nouveaut\u00e9s.<\/p>\n<p><b>Mille mercis pour le partage, Fr\u00e9d\u00e9rique\u00a0!<\/b><\/p>\n<div id=\"attachment_9271\" class=\"wp-caption alignnone\" style=\"width: 100%\"><a href=\"https:\/\/cnz.to\/vf\/recettes\/entrees\/flammekueche-tarte-flambee-recette\/\"><img loading=\"lazy\" src=\"https:\/\/cnz.to\/vf\/wp-content\/uploads\/2016\/09\/flammkueche-7.jpg\" alt=\"La divine recette de flammekueche inspir\u00e9e de celle de Fr\u00e9d\u00e9rique.\" width=\"760\" height=\"507\" style=\"width:100%\" class=\"size-full wp-image-9271\" srcset=\"https:\/\/cnz.to\/vf\/wp-content\/uploads\/2016\/09\/flammkueche-7.jpg 760w, https:\/\/cnz.to\/vf\/wp-content\/uploads\/2016\/09\/flammkueche-7-300x200.jpg 300w, https:\/\/cnz.to\/vf\/wp-content\/uploads\/2016\/09\/flammkueche-7-355x237.jpg 355w, https:\/\/cnz.to\/vf\/wp-content\/uploads\/2016\/09\/flammkueche-7-600x400.jpg 600w\" sizes=\"(max-width: 760px) 100vw, 760px\" \/><\/a><p class=\"wp-caption-text\">La divine <a href=\"https:\/\/cnz.to\/vf\/recettes\/entrees\/flammekueche-tarte-flambee-recette\/\">recette de flammekueche<\/a> inspir\u00e9e de celle de Fr\u00e9d\u00e9rique.<\/p><\/div>\n<p>Vous retrouverez tous ces lieux sur la carte ci-dessous, et si vous avez\u00a0<b>vos propres bonnes adresses \u00e0 Strasbourg<\/b>, livrez-les-nous dans les commentaires !<\/p>\n<p><iframe loading=\"lazy\" src=\"https:\/\/www.google.com\/maps\/d\/u\/0\/embed?mid=1POaeRgAtQyagkKJ0MfCOm24Z_q4\" width=\"640\" height=\"480\"><\/iframe><\/p>\n<p><em>Y a-t-il une ville de France que vous souhaiteriez voir \u00e0 l\u2019honneur ici, et\/ou avez-vous envie de contribuer \u00e0 cette s\u00e9rie comme blogueur invit\u00e9 ? N\u2019h\u00e9sitez pas \u00e0\u00a0<a href=\"http:\/\/cnz.to\/vf\/contact\/\">me contacter<\/a>\u00a0pour me faire part de vos id\u00e9es !<\/em><\/p>\n","protected":false},"excerpt":{"rendered":"<p>Il n\u2019y a pas que Paris dans la vie, et dans toutes les villes de France on trouve des p\u00e9pites [&hellip;]<\/p>\n","protected":false},"author":5,"featured_media":9838,"comment_status":"open","ping_status":"closed","sticky":false,"template":"","format":"standard","meta":{"om_disable_all_campaigns":false,"_mi_skip_tracking":false},"categories":[383],"tags":[],"acf":[],"yoast_head":"<!-- This site is optimized with the Yoast SEO plugin v19.10 - https:\/\/yoast.com\/wordpress\/plugins\/seo\/ -->\n<title>O\u00f9 manger \u00e0 Strasbourg : Les bonnes adresses d&#039;une Strasbourgeoise | Chocolate &amp; Zucchini<\/title>\n<meta name=\"description\" content=\"Vous pr\u00e9voyez un petit weekend gourmand \u00e0 Strasbourg ? Ne manquez pas cette s\u00e9lection de bonnes adresses partag\u00e9es par une Strasbourgeoise !\" \/>\n<meta name=\"robots\" content=\"index, follow, max-snippet:-1, max-image-preview:large, max-video-preview:-1\" \/>\n<link rel=\"canonical\" href=\"https:\/\/cnz.to\/vf\/voyages\/bonnes-adresses-strasbourg\/\" \/>\n<meta property=\"og:locale\" content=\"fr_FR\" \/>\n<meta property=\"og:type\" content=\"article\" \/>\n<meta property=\"og:title\" content=\"O\u00f9 manger \u00e0 Strasbourg : Les bonnes adresses d&#039;une Strasbourgeoise | Chocolate &amp; Zucchini\" \/>\n<meta property=\"og:description\" content=\"Vous pr\u00e9voyez un petit weekend gourmand \u00e0 Strasbourg ? Ne manquez pas cette s\u00e9lection de bonnes adresses partag\u00e9es par une Strasbourgeoise !\" \/>\n<meta property=\"og:url\" content=\"https:\/\/cnz.to\/vf\/voyages\/bonnes-adresses-strasbourg\/\" \/>\n<meta property=\"og:site_name\" content=\"Chocolate &amp; Zucchini\" \/>\n<meta property=\"article:publisher\" content=\"https:\/\/www.facebook.com\/choczuc\/\" \/>\n<meta property=\"article:published_time\" content=\"2017-01-24T10:00:05+00:00\" \/>\n<meta property=\"article:modified_time\" content=\"2017-06-12T14:18:29+00:00\" \/>\n<meta property=\"og:image\" content=\"https:\/\/cnz.to\/vf\/wp-content\/uploads\/2017\/01\/tn_Petite_France_3-OK_-_Philippe_de_Rexel_e09269f5e6c27982f8a04b946e87698e.jpg\" \/>\n\t<meta property=\"og:image:width\" content=\"1024\" \/>\n\t<meta property=\"og:image:height\" content=\"683\" \/>\n\t<meta property=\"og:image:type\" content=\"image\/jpeg\" \/>\n<meta name=\"author\" content=\"Anne Elder\" \/>\n<meta name=\"twitter:card\" content=\"summary_large_image\" \/>\n<meta name=\"twitter:creator\" content=\"@clotildenet\" \/>\n<meta name=\"twitter:site\" content=\"@clotildenet\" \/>\n<meta name=\"twitter:label1\" content=\"Written by\" \/>\n\t<meta name=\"twitter:data1\" content=\"Anne Elder\" \/>\n\t<meta name=\"twitter:label2\" content=\"Est. reading time\" \/>\n\t<meta name=\"twitter:data2\" content=\"5 minutes\" \/>\n<script type=\"application\/ld+json\" class=\"yoast-schema-graph\">{\"@context\":\"https:\/\/schema.org\",\"@graph\":[{\"@type\":\"WebPage\",\"@id\":\"https:\/\/cnz.to\/vf\/voyages\/bonnes-adresses-strasbourg\/\",\"url\":\"https:\/\/cnz.to\/vf\/voyages\/bonnes-adresses-strasbourg\/\",\"name\":\"O\u00f9 manger \u00e0 Strasbourg : Les bonnes adresses d'une Strasbourgeoise | Chocolate &amp; Zucchini\",\"isPartOf\":{\"@id\":\"https:\/\/cnz.to\/vf\/#website\"},\"datePublished\":\"2017-01-24T10:00:05+00:00\",\"dateModified\":\"2017-06-12T14:18:29+00:00\",\"author\":{\"@id\":\"https:\/\/cnz.to\/vf\/#\/schema\/person\/1119b4c20b478c9ef9ddcf03ec9ed592\"},\"description\":\"Vous pr\u00e9voyez un petit weekend gourmand \u00e0 Strasbourg ? Ne manquez pas cette s\u00e9lection de bonnes adresses partag\u00e9es par une Strasbourgeoise !\",\"breadcrumb\":{\"@id\":\"https:\/\/cnz.to\/vf\/voyages\/bonnes-adresses-strasbourg\/#breadcrumb\"},\"inLanguage\":\"fr-FR\",\"potentialAction\":[{\"@type\":\"ReadAction\",\"target\":[\"https:\/\/cnz.to\/vf\/voyages\/bonnes-adresses-strasbourg\/\"]}]},{\"@type\":\"BreadcrumbList\",\"@id\":\"https:\/\/cnz.to\/vf\/voyages\/bonnes-adresses-strasbourg\/#breadcrumb\",\"itemListElement\":[{\"@type\":\"ListItem\",\"position\":1,\"name\":\"Home\",\"item\":\"https:\/\/cnz.to\/vf\/\"},{\"@type\":\"ListItem\",\"position\":2,\"name\":\"O\u00f9 manger \u00e0 Strasbourg : Les bonnes adresses d&rsquo;une Strasbourgeoise\"}]},{\"@type\":\"WebSite\",\"@id\":\"https:\/\/cnz.to\/vf\/#website\",\"url\":\"https:\/\/cnz.to\/vf\/\",\"name\":\"Chocolate &amp; Zucchini\",\"description\":\"Recettes simples et astucieuses au fil des saisons\",\"potentialAction\":[{\"@type\":\"SearchAction\",\"target\":{\"@type\":\"EntryPoint\",\"urlTemplate\":\"https:\/\/cnz.to\/vf\/?s={search_term_string}\"},\"query-input\":\"required name=search_term_string\"}],\"inLanguage\":\"fr-FR\"},{\"@type\":\"Person\",\"@id\":\"https:\/\/cnz.to\/vf\/#\/schema\/person\/1119b4c20b478c9ef9ddcf03ec9ed592\",\"name\":\"Anne Elder\",\"image\":{\"@type\":\"ImageObject\",\"inLanguage\":\"fr-FR\",\"@id\":\"https:\/\/cnz.to\/vf\/#\/schema\/person\/image\/\",\"url\":\"https:\/\/secure.gravatar.com\/avatar\/1b47ce18283200d48661935de04a2284?s=96&d=mm&r=g\",\"contentUrl\":\"https:\/\/secure.gravatar.com\/avatar\/1b47ce18283200d48661935de04a2284?s=96&d=mm&r=g\",\"caption\":\"Anne Elder\"},\"url\":\"https:\/\/cnz.to\/vf\/author\/anne\/\"}]}<\/script>\n<!-- \/ Yoast SEO plugin. -->","yoast_head_json":{"title":"O\u00f9 manger \u00e0 Strasbourg : Les bonnes adresses d'une Strasbourgeoise | Chocolate &amp; Zucchini","description":"Vous pr\u00e9voyez un petit weekend gourmand \u00e0 Strasbourg ? Ne manquez pas cette s\u00e9lection de bonnes adresses partag\u00e9es par une Strasbourgeoise !","robots":{"index":"index","follow":"follow","max-snippet":"max-snippet:-1","max-image-preview":"max-image-preview:large","max-video-preview":"max-video-preview:-1"},"canonical":"https:\/\/cnz.to\/vf\/voyages\/bonnes-adresses-strasbourg\/","og_locale":"fr_FR","og_type":"article","og_title":"O\u00f9 manger \u00e0 Strasbourg : Les bonnes adresses d'une Strasbourgeoise | Chocolate &amp; Zucchini","og_description":"Vous pr\u00e9voyez un petit weekend gourmand \u00e0 Strasbourg ? Ne manquez pas cette s\u00e9lection de bonnes adresses partag\u00e9es par une Strasbourgeoise !","og_url":"https:\/\/cnz.to\/vf\/voyages\/bonnes-adresses-strasbourg\/","og_site_name":"Chocolate &amp; Zucchini","article_publisher":"https:\/\/www.facebook.com\/choczuc\/","article_published_time":"2017-01-24T10:00:05+00:00","article_modified_time":"2017-06-12T14:18:29+00:00","og_image":[{"width":1024,"height":683,"url":"https:\/\/cnz.to\/vf\/wp-content\/uploads\/2017\/01\/tn_Petite_France_3-OK_-_Philippe_de_Rexel_e09269f5e6c27982f8a04b946e87698e.jpg","type":"image\/jpeg"}],"author":"Anne Elder","twitter_card":"summary_large_image","twitter_creator":"@clotildenet","twitter_site":"@clotildenet","twitter_misc":{"Written by":"Anne Elder","Est. reading time":"5 minutes"},"schema":{"@context":"https:\/\/schema.org","@graph":[{"@type":"WebPage","@id":"https:\/\/cnz.to\/vf\/voyages\/bonnes-adresses-strasbourg\/","url":"https:\/\/cnz.to\/vf\/voyages\/bonnes-adresses-strasbourg\/","name":"O\u00f9 manger \u00e0 Strasbourg : Les bonnes adresses d'une Strasbourgeoise | Chocolate &amp; Zucchini","isPartOf":{"@id":"https:\/\/cnz.to\/vf\/#website"},"datePublished":"2017-01-24T10:00:05+00:00","dateModified":"2017-06-12T14:18:29+00:00","author":{"@id":"https:\/\/cnz.to\/vf\/#\/schema\/person\/1119b4c20b478c9ef9ddcf03ec9ed592"},"description":"Vous pr\u00e9voyez un petit weekend gourmand \u00e0 Strasbourg ? Ne manquez pas cette s\u00e9lection de bonnes adresses partag\u00e9es par une Strasbourgeoise !","breadcrumb":{"@id":"https:\/\/cnz.to\/vf\/voyages\/bonnes-adresses-strasbourg\/#breadcrumb"},"inLanguage":"fr-FR","potentialAction":[{"@type":"ReadAction","target":["https:\/\/cnz.to\/vf\/voyages\/bonnes-adresses-strasbourg\/"]}]},{"@type":"BreadcrumbList","@id":"https:\/\/cnz.to\/vf\/voyages\/bonnes-adresses-strasbourg\/#breadcrumb","itemListElement":[{"@type":"ListItem","position":1,"name":"Home","item":"https:\/\/cnz.to\/vf\/"},{"@type":"ListItem","position":2,"name":"O\u00f9 manger \u00e0 Strasbourg : Les bonnes adresses d&rsquo;une Strasbourgeoise"}]},{"@type":"WebSite","@id":"https:\/\/cnz.to\/vf\/#website","url":"https:\/\/cnz.to\/vf\/","name":"Chocolate &amp; Zucchini","description":"Recettes simples et astucieuses au fil des saisons","potentialAction":[{"@type":"SearchAction","target":{"@type":"EntryPoint","urlTemplate":"https:\/\/cnz.to\/vf\/?s={search_term_string}"},"query-input":"required name=search_term_string"}],"inLanguage":"fr-FR"},{"@type":"Person","@id":"https:\/\/cnz.to\/vf\/#\/schema\/person\/1119b4c20b478c9ef9ddcf03ec9ed592","name":"Anne Elder","image":{"@type":"ImageObject","inLanguage":"fr-FR","@id":"https:\/\/cnz.to\/vf\/#\/schema\/person\/image\/","url":"https:\/\/secure.gravatar.com\/avatar\/1b47ce18283200d48661935de04a2284?s=96&d=mm&r=g","contentUrl":"https:\/\/secure.gravatar.com\/avatar\/1b47ce18283200d48661935de04a2284?s=96&d=mm&r=g","caption":"Anne Elder"},"url":"https:\/\/cnz.to\/vf\/author\/anne\/"}]}},"_links":{"self":[{"href":"https:\/\/cnz.to\/vf\/wp-json\/wp\/v2\/posts\/9412"}],"collection":[{"href":"https:\/\/cnz.to\/vf\/wp-json\/wp\/v2\/posts"}],"about":[{"href":"https:\/\/cnz.to\/vf\/wp-json\/wp\/v2\/types\/post"}],"author":[{"embeddable":true,"href":"https:\/\/cnz.to\/vf\/wp-json\/wp\/v2\/users\/5"}],"replies":[{"embeddable":true,"href":"https:\/\/cnz.to\/vf\/wp-json\/wp\/v2\/comments?post=9412"}],"version-history":[{"count":18,"href":"https:\/\/cnz.to\/vf\/wp-json\/wp\/v2\/posts\/9412\/revisions"}],"predecessor-version":[{"id":10297,"href":"https:\/\/cnz.to\/vf\/wp-json\/wp\/v2\/posts\/9412\/revisions\/10297"}],"wp:featuredmedia":[{"embeddable":true,"href":"https:\/\/cnz.to\/vf\/wp-json\/wp\/v2\/media\/9838"}],"wp:attachment":[{"href":"https:\/\/cnz.to\/vf\/wp-json\/wp\/v2\/media?parent=9412"}],"wp:term":[{"taxonomy":"category","embeddable":true,"href":"https:\/\/cnz.to\/vf\/wp-json\/wp\/v2\/categories?post=9412"},{"taxonomy":"post_tag","embeddable":true,"href":"https:\/\/cnz.to\/vf\/wp-json\/wp\/v2\/tags?post=9412"}],"curies":[{"name":"wp","href":"https:\/\/api.w.org\/{rel}","templated":true}]}}