{"id":4632,"date":"2024-10-28T12:24:16","date_gmt":"2024-10-28T11:24:16","guid":{"rendered":"https:\/\/cnz.to\/vf\/?p=4632"},"modified":"2024-10-05T16:20:00","modified_gmt":"2024-10-05T14:20:00","slug":"tarte-fine-caramelisee-aux-pommes-recette","status":"publish","type":"post","link":"https:\/\/cnz.to\/vf\/recettes\/tartes-et-gateaux\/tarte-fine-caramelisee-aux-pommes-recette\/","title":{"rendered":"Tarte fine aux pommes caram\u00e9lis\u00e9e Recette"},"content":{"rendered":"<p>Quand je vous ai parl\u00e9 de mon enthousiasme pour cette <a href=\"https:\/\/cnz.to\/vf\/recettes\/tartes-et-gateaux\/pate-feuilletee-facile-rapide-recette\/\">p\u00e2te feuillet\u00e9e\u00a0facile et rapide<\/a> la semaine derni\u00e8re, je vous ai promis la recette de la <b>tarte fine aux pommes<\/b> que j&rsquo;ai faite avec. La voici.<\/p>\n<p>Une tarte fine, c&rsquo;est un classique de la p\u00e2tisserie fran\u00e7aise que l&rsquo;on construit sur un disque de p\u00e2te feuillet\u00e9e cuit compl\u00e8tement \u00e0 plat, <b>sans \u00ab\u00a0trottoir\u00a0\u00bb<\/b>. On peut donc se passer de moule \u00e0 tarte ; bonne nouvelle pour les minimalistes, les jeunes m\u00e9nages, et les gourmands en maison de location.<\/p>\n<blockquote class=\"pullquote alignright\">\n<p>\t\t\tL&rsquo;astuce pour obtenir une p\u00e2te parfaitement caram\u00e9lis\u00e9e, c&rsquo;est de beurrer et de sucrer le papier sulfuris\u00e9 sur laquelle on la fait cuire.\n\t\t<\/p><\/blockquote>\n<p>C&rsquo;est un type de tarte qui m&rsquo;a toujours plu par sa <b>sobri\u00e9t\u00e9<\/b> et son \u00e9l\u00e9gance. La garniture est simplement compos\u00e9e de fruits, mais on en met peu, pour que \u00e7a reste bien fin. Et chaque bouch\u00e9e permet autant d&rsquo;appr\u00e9cier la p\u00e2te que les fruits, ce qui donne \u00e0 vos nouveaux talents de <a href=\"http:\/\/correcteurs.blog.lemonde.fr\/2013\/01\/26\/feuilletez-frere-tourier\/\">tourier<\/a> l&rsquo;occasion de briller.<\/p>\n<h3>Une tarte fine aux pommes d&rsquo;une rare simplicit\u00e9<\/h3>\n<p>Et cette recette est d&rsquo;une rare simplicit\u00e9 : un fin cercle de <a href=\"https:\/\/cnz.to\/vf\/recettes\/tartes-et-gateaux\/pate-feuilletee-facile-rapide-recette\/\">p\u00e2te feuillet\u00e9e maison<\/a> qui caram\u00e9lisera au four &#8212; l&rsquo;astuce, c&rsquo;est de beurrer et sucrer le papier sulfuris\u00e9 sur lequel on la d\u00e9pose &#8212; et formera ainsi un cadre croustillant et beurr\u00e9 pour la <b>rosace de pommes<\/b> finement tranch\u00e9es.<\/p>\n<p>C&rsquo;est tout. On met au four, et on sert.<\/p>\n<p>Cette tarte est tout aussi bonne ti\u00e8de qu&rsquo;\u00e0 temp\u00e9rature ambiante, et on peut la faire avec des poires si on veut, mais je tiens \u00e0 une chose, c&rsquo;est \u00e0 la servir <b>toute seule<\/b>. Pas de glace, pas de cr\u00e8me fra\u00eeche, pas de cr\u00e8me anglaise. Juste la silhouette \u00e9lanc\u00e9e de la tarte fine dans l&rsquo;assiette.<\/p>\n<h3>Participez \u00e0 la conversation !<\/h3>\n<p>Les tartes fines, vous pratiquez ? Est-ce que leur belle simplicit\u00e9 vous pla\u00eet autant qu&rsquo;\u00e0 moi ?<\/p>\n\n<p><!--more--><\/p>\n<div class=\"hashtag-box clearfix\">\r\n\t<div class=\"hashtag-image\">\r\n\t\t<img width=\"84\" height=\"84\" src=\"https:\/\/cnz.to\/vf\/wp-content\/uploads\/2017\/09\/clotilde_instagram_84.jpg\" class=\"attachment-full size-full\" alt=\"\" loading=\"lazy\" \/>\t<\/div>\r\n\t<div class=\"hashtag-content\">\r\n\t\t<h2>Vous aimez cette recette ? Partagez vos photos sur Instagram !<\/h2>\r\n\t\t<p>Ajoutez le tag <a href=\"https:\/\/www.instagram.com\/explore\/tags\/cnzrecipes\/\">#cnzrecipes<\/a> aux photos de vos r\u00e9alisations. Je partagerai mes pr\u00e9f\u00e9r\u00e9es !<\/p>\n\t<\/div>\r\n<\/div>\r\n\n\n    <div id=\"zlrecipe-container-73\" class=\"zlrecipe-container-border\" >\n    <div itemscope itemtype=\"https:\/\/schema.org\/Recipe\" id=\"zlrecipe-container\" class=\"serif zlrecipe\">\n      <div id=\"zlrecipe-innerdiv\">\n        <div class=\"item b-b\"><div class=\"zlrecipe-print-link fl-r\"><a class=\"butn-link\" title=\"Print this recipe\" href=\"javascript:void(0);\" onclick=\"zlrPrint('zlrecipe-container-73', 'https:\/\/cnz.to\/vf\/wp-content\/plugins\/ziplist-recipe-plugin\/'); return false\">Print<\/a><\/div><div id=\"zl-recipe-link-73\" class=\"zl-recipe-link fl-r zl-rmvd\"><\/div><div id=\"zlrecipe-title\" itemprop=\"name\" class=\"b-b h-1 strong\" >Tarte fine caram\u00e9lis\u00e9e aux pommes Recette<\/div>\n      <\/div><div class=\"zlmeta zlclear\">\n      <div class=\"fl-l width-50\"><p id=\"zlrecipe-prep-time\">Pr\u00e9paration : <span itemprop=\"prepTime\" content=\"PT15M\">15 minutes<\/span><\/p><p id=\"zlrecipe-cook-time\">Cuisson : <span itemprop=\"cookTime\" content=\"PT30M\">30 minutes<\/span><\/p><p id=\"zlrecipe-total-time\">Total : <span itemprop=\"totalTime\" content=\"PT45M\">45 minutes<\/span><\/p><\/div>\n      <div class=\"fl-l width-50\"><p id=\"zlrecipe-yield\"><span itemprop=\"recipeYield\">Pour 6 personnes<\/span><\/p><\/div>\n      <div class=\"zlclear\">\n      <\/div>\n    <\/div><div class=\"img-desc-wrap\"><p class=\"t-a-c hide-card hide-print\">\n\t\t\t  <img class=\"photo\" itemprop=\"image\" src=\"https:\/\/cnz.to\/vf\/wp-content\/uploads\/2014\/02\/tarte_fine.jpg\" title=\"Tarte fine caram\u00e9lis\u00e9e aux pommes Recette\" alt=\"Tarte fine caram\u00e9lis\u00e9e aux pommes Recette\"  \/>\n\t\t\t<\/p><\/div><p id=\"zlrecipe-ingredients\" class=\"h-4 strong\">Ingr\u00e9dients<\/p><ul id=\"zlrecipe-ingredients-list\"><li id=\"zlrecipe-ingredient-0\" class=\"ingredient\" itemprop=\"ingredients\">40 g de <b>beurre<\/b> demi-sel de bonne qualit\u00e9, fondu\r<\/li><li id=\"zlrecipe-ingredient-1\" class=\"ingredient\" itemprop=\"ingredients\">40 g de <b>sucre<\/b> de canne blond non raffin\u00e9\r<\/li><li id=\"zlrecipe-ingredient-2\" class=\"ingredient\" itemprop=\"ingredients\">1 <a href=\"https:\/\/cnz.to\/vf\/recettes\/tartes-et-gateaux\/pate-feuilletee-facile-rapide-recette\/\">p\u00e2te feuillet\u00e9e facile et rapide<\/a> (vous pouvez en prendre une toute faite pur beurre, mais ce sera vraiment meilleur avec la p\u00e2te maison)\r<\/li><li id=\"zlrecipe-ingredient-3\" class=\"ingredient\" itemprop=\"ingredients\">3 petites <b>pommes<\/b>, environ 450 g, pel\u00e9es, \u00e9vid\u00e9es, et coup\u00e9es finement en cercles<\/li><\/ul><p id=\"zlrecipe-instructions\" class=\"h-4 strong\">Instructions<\/p><ol id=\"zlrecipe-instructions-list\" class=\"instructions\"><li id=\"zlrecipe-instruction-0\" class=\"instruction\" itemprop=\"recipeInstructions\">Pr\u00e9chauffez le four \u00e0 175\u00b0C.\r<\/li><li id=\"zlrecipe-instruction-1\" class=\"instruction\" itemprop=\"recipeInstructions\">Chemisez une plaque de four avec du papier sulfuris\u00e9 et utilisez la moiti\u00e9 du beurre fondu pour beurrer un disque de 25 cm. Saupoudrez cette zone avec la moiti\u00e9 du sucre.\r<\/li><div id=\"zlrecipe-instruction-2\" class=\"instruction-label\" ><img src=\"https:\/\/cnz.to\/vf\/wp-content\/uploads\/2014\/02\/tarte_fine-2.jpg\" alt=\"tarte_fine-2\" width=\"450\" class=\"aligncenter size-full wp-image-4638\" \/>\r<\/div><li id=\"zlrecipe-instruction-3\" class=\"instruction\" itemprop=\"recipeInstructions\">Etalez la p\u00e2te sur un plan de travail l\u00e9g\u00e8rement farin\u00e9 jusqu'\u00e0 pouvoir d\u00e9couper un cercle de 25 cm de diam\u00e8tre en vous aidant d'un moule \u00e0 g\u00e2teau ou d'une assiette retourn\u00e9e. (Empilez les chutes de p\u00e2te, et mettez-les au frais bien emball\u00e9es pour en faire des <a href=\"https:\/\/cnz.to\/vf\/recettes\/biscuits-et-petits-gateaux\/palmiers-recette\/\">palmiers<\/a>.)\r<\/li><li id=\"zlrecipe-instruction-4\" class=\"instruction\" itemprop=\"recipeInstructions\">Transf\u00e9rez le cercle de p\u00e2te sur la plaque de four en la d\u00e9posant pr\u00e9cis\u00e9ment sur la zone beurr\u00e9e et sucr\u00e9e.\r<\/li><li id=\"zlrecipe-instruction-5\" class=\"instruction\" itemprop=\"recipeInstructions\">Disposez les tranches de pomme en rosace sur la p\u00e2te, en commen\u00e7ant depuis l'ext\u00e9rieur et en laissant une marge d'environ 1,5 cm tout autour. Badigeonnez la marge de p\u00e2te et les pommes avec le reste du beurre.\r<\/li><div id=\"zlrecipe-instruction-6\" class=\"instruction-label\" ><img src=\"https:\/\/cnz.to\/vf\/wp-content\/uploads\/2014\/02\/tarte_fine-4.jpg\" alt=\"tarte_fine-4\" width=\"450\" class=\"aligncenter size-full wp-image-4636\" \/>\r<\/div><li id=\"zlrecipe-instruction-7\" class=\"instruction\" itemprop=\"recipeInstructions\">Mettez au four et faites cuire 30 minutes, jusqu'\u00e0 ce que les pommes soient tendres quand on les teste avec la pointe d'un couteau.\r<\/li><div id=\"zlrecipe-instruction-8\" class=\"instruction-label\" ><img src=\"https:\/\/cnz.to\/vf\/wp-content\/uploads\/2014\/02\/tarte_fine-5.jpg\" alt=\"tarte_fine-5\" width=\"450\" class=\"aligncenter size-full wp-image-4635\" \/>\r<\/div><li id=\"zlrecipe-instruction-9\" class=\"instruction\" itemprop=\"recipeInstructions\">Saupoudrez du reste du sucre, et passez sous le grill 2 minutes, en surveillant attentivement, jusqu'\u00e0 ce que le sucre soit caram\u00e9lis\u00e9.\r<\/li><li id=\"zlrecipe-instruction-10\" class=\"instruction\" itemprop=\"recipeInstructions\">Servez ti\u00e8de ou \u00e0 temp\u00e9rature ambiante.<\/li><\/ol><div class=\"ziplist-recipe-plugin\" style=\"display: none;\">3.1<\/div><a id=\"zl-printed-permalink\" href=\"https:\/\/cnz.to\/vf\/recettes\/tartes-et-gateaux\/tarte-fine-caramelisee-aux-pommes-recette\/\"title=\"Permalink to Recipe\">https:\/\/cnz.to\/vf\/recettes\/tartes-et-gateaux\/tarte-fine-caramelisee-aux-pommes-recette\/<\/a><\/div><div id=\"zl-printed-copyright-statement\" itemprop=\"copyrightHolder\">Unless otherwise noted, all recipes are copyright Clotilde Dusoulier.<\/div><\/div><\/div>\n<p><img loading=\"lazy\" class=\"alignnone size-full wp-image-4634\" src=\"https:\/\/cnz.to\/vf\/wp-content\/uploads\/2014\/02\/tarte_fine-6.jpg\" alt=\"Tarte fine aux pommes\" width=\"760\" height=\"507\" style=\"width:100%\" srcset=\"https:\/\/cnz.to\/vf\/wp-content\/uploads\/2014\/02\/tarte_fine-6.jpg 760w, https:\/\/cnz.to\/vf\/wp-content\/uploads\/2014\/02\/tarte_fine-6-300x200.jpg 300w, https:\/\/cnz.to\/vf\/wp-content\/uploads\/2014\/02\/tarte_fine-6-355x237.jpg 355w\" sizes=\"(max-width: 760px) 100vw, 760px\" \/><\/p>\n","protected":false},"excerpt":{"rendered":"<p>Quand je vous ai parl\u00e9 de mon enthousiasme pour cette p\u00e2te feuillet\u00e9e\u00a0facile et rapide la semaine derni\u00e8re, je vous ai [&hellip;]<\/p>\n","protected":false},"author":2,"featured_media":4639,"comment_status":"open","ping_status":"closed","sticky":false,"template":"","format":"standard","meta":{"om_disable_all_campaigns":false,"_mi_skip_tracking":false},"categories":[419,416,422,386],"tags":[446,480],"acf":[],"yoast_head":"<!-- This site is optimized with the Yoast SEO plugin v19.10 - https:\/\/yoast.com\/wordpress\/plugins\/seo\/ -->\n<title>Tarte fine aux pommes caram\u00e9lis\u00e9e Recette | Chocolate &amp; Zucchini<\/title>\n<meta name=\"description\" content=\"Une recette facile pour r\u00e9aliser une tarte fine aux pommes go\u00fbteuse et caram\u00e9lis\u00e9e, digne des meilleurs p\u00e2tissiers !\" \/>\n<meta name=\"robots\" content=\"index, follow, max-snippet:-1, max-image-preview:large, max-video-preview:-1\" \/>\n<link rel=\"canonical\" href=\"https:\/\/cnz.to\/vf\/recettes\/tartes-et-gateaux\/tarte-fine-caramelisee-aux-pommes-recette\/\" \/>\n<meta property=\"og:locale\" content=\"fr_FR\" \/>\n<meta property=\"og:type\" content=\"article\" \/>\n<meta property=\"og:title\" content=\"Tarte fine aux pommes caram\u00e9lis\u00e9e Recette | Chocolate &amp; Zucchini\" \/>\n<meta property=\"og:description\" content=\"Une recette facile pour r\u00e9aliser une tarte fine aux pommes go\u00fbteuse et caram\u00e9lis\u00e9e, digne des meilleurs p\u00e2tissiers !\" \/>\n<meta property=\"og:url\" content=\"https:\/\/cnz.to\/vf\/recettes\/tartes-et-gateaux\/tarte-fine-caramelisee-aux-pommes-recette\/\" \/>\n<meta property=\"og:site_name\" content=\"Chocolate &amp; Zucchini\" \/>\n<meta property=\"article:publisher\" content=\"https:\/\/www.facebook.com\/choczuc\/\" \/>\n<meta property=\"article:author\" content=\"https:\/\/www.facebook.com\/clotilde.dusoulier\" \/>\n<meta property=\"article:published_time\" content=\"2024-10-28T11:24:16+00:00\" \/>\n<meta property=\"article:modified_time\" content=\"2024-10-05T14:20:00+00:00\" \/>\n<meta property=\"og:image\" content=\"https:\/\/cnz.to\/vf\/wp-content\/uploads\/2014\/02\/tarte_fine.jpg\" \/>\n\t<meta property=\"og:image:width\" content=\"760\" \/>\n\t<meta property=\"og:image:height\" content=\"507\" \/>\n\t<meta property=\"og:image:type\" content=\"image\/jpeg\" \/>\n<meta name=\"author\" content=\"clotilde\" \/>\n<meta name=\"twitter:card\" content=\"summary_large_image\" \/>\n<meta name=\"twitter:creator\" content=\"@clotildenet\" \/>\n<meta name=\"twitter:site\" content=\"@clotildenet\" \/>\n<meta name=\"twitter:label1\" content=\"Written by\" \/>\n\t<meta name=\"twitter:data1\" content=\"clotilde\" \/>\n\t<meta name=\"twitter:label2\" content=\"Est. reading time\" \/>\n\t<meta name=\"twitter:data2\" content=\"2 minutes\" \/>\n<script type=\"application\/ld+json\" class=\"yoast-schema-graph\">{\"@context\":\"https:\/\/schema.org\",\"@graph\":[{\"@type\":\"WebPage\",\"@id\":\"https:\/\/cnz.to\/vf\/recettes\/tartes-et-gateaux\/tarte-fine-caramelisee-aux-pommes-recette\/\",\"url\":\"https:\/\/cnz.to\/vf\/recettes\/tartes-et-gateaux\/tarte-fine-caramelisee-aux-pommes-recette\/\",\"name\":\"Tarte fine aux pommes caram\u00e9lis\u00e9e Recette | Chocolate &amp; Zucchini\",\"isPartOf\":{\"@id\":\"https:\/\/cnz.to\/vf\/#website\"},\"datePublished\":\"2024-10-28T11:24:16+00:00\",\"dateModified\":\"2024-10-05T14:20:00+00:00\",\"author\":{\"@id\":\"https:\/\/cnz.to\/vf\/#\/schema\/person\/56585f46f1594c60f6422c62b8af9132\"},\"description\":\"Une recette facile pour r\u00e9aliser une tarte fine aux pommes go\u00fbteuse et caram\u00e9lis\u00e9e, digne des meilleurs p\u00e2tissiers !\",\"breadcrumb\":{\"@id\":\"https:\/\/cnz.to\/vf\/recettes\/tartes-et-gateaux\/tarte-fine-caramelisee-aux-pommes-recette\/#breadcrumb\"},\"inLanguage\":\"fr-FR\",\"potentialAction\":[{\"@type\":\"ReadAction\",\"target\":[\"https:\/\/cnz.to\/vf\/recettes\/tartes-et-gateaux\/tarte-fine-caramelisee-aux-pommes-recette\/\"]}]},{\"@type\":\"BreadcrumbList\",\"@id\":\"https:\/\/cnz.to\/vf\/recettes\/tartes-et-gateaux\/tarte-fine-caramelisee-aux-pommes-recette\/#breadcrumb\",\"itemListElement\":[{\"@type\":\"ListItem\",\"position\":1,\"name\":\"Home\",\"item\":\"https:\/\/cnz.to\/vf\/\"},{\"@type\":\"ListItem\",\"position\":2,\"name\":\"Tarte fine aux pommes caram\u00e9lis\u00e9e Recette\"}]},{\"@type\":\"WebSite\",\"@id\":\"https:\/\/cnz.to\/vf\/#website\",\"url\":\"https:\/\/cnz.to\/vf\/\",\"name\":\"Chocolate &amp; Zucchini\",\"description\":\"Recettes simples et astucieuses au fil des saisons\",\"potentialAction\":[{\"@type\":\"SearchAction\",\"target\":{\"@type\":\"EntryPoint\",\"urlTemplate\":\"https:\/\/cnz.to\/vf\/?s={search_term_string}\"},\"query-input\":\"required name=search_term_string\"}],\"inLanguage\":\"fr-FR\"},{\"@type\":\"Person\",\"@id\":\"https:\/\/cnz.to\/vf\/#\/schema\/person\/56585f46f1594c60f6422c62b8af9132\",\"name\":\"clotilde\",\"image\":{\"@type\":\"ImageObject\",\"inLanguage\":\"fr-FR\",\"@id\":\"https:\/\/cnz.to\/vf\/#\/schema\/person\/image\/\",\"url\":\"https:\/\/secure.gravatar.com\/avatar\/91480dc79bdb2011ca52f2d72b610a0e?s=96&d=mm&r=g\",\"contentUrl\":\"https:\/\/secure.gravatar.com\/avatar\/91480dc79bdb2011ca52f2d72b610a0e?s=96&d=mm&r=g\",\"caption\":\"clotilde\"},\"sameAs\":[\"https:\/\/www.facebook.com\/clotilde.dusoulier\",\"https:\/\/twitter.com\/clotildenet\"],\"url\":\"https:\/\/cnz.to\/vf\/author\/clotilde\/\"}]}<\/script>\n<!-- \/ Yoast SEO plugin. -->","yoast_head_json":{"title":"Tarte fine aux pommes caram\u00e9lis\u00e9e Recette | Chocolate &amp; Zucchini","description":"Une recette facile pour r\u00e9aliser une tarte fine aux pommes go\u00fbteuse et caram\u00e9lis\u00e9e, digne des meilleurs p\u00e2tissiers !","robots":{"index":"index","follow":"follow","max-snippet":"max-snippet:-1","max-image-preview":"max-image-preview:large","max-video-preview":"max-video-preview:-1"},"canonical":"https:\/\/cnz.to\/vf\/recettes\/tartes-et-gateaux\/tarte-fine-caramelisee-aux-pommes-recette\/","og_locale":"fr_FR","og_type":"article","og_title":"Tarte fine aux pommes caram\u00e9lis\u00e9e Recette | Chocolate &amp; Zucchini","og_description":"Une recette facile pour r\u00e9aliser une tarte fine aux pommes go\u00fbteuse et caram\u00e9lis\u00e9e, digne des meilleurs p\u00e2tissiers !","og_url":"https:\/\/cnz.to\/vf\/recettes\/tartes-et-gateaux\/tarte-fine-caramelisee-aux-pommes-recette\/","og_site_name":"Chocolate &amp; Zucchini","article_publisher":"https:\/\/www.facebook.com\/choczuc\/","article_author":"https:\/\/www.facebook.com\/clotilde.dusoulier","article_published_time":"2024-10-28T11:24:16+00:00","article_modified_time":"2024-10-05T14:20:00+00:00","og_image":[{"width":760,"height":507,"url":"https:\/\/cnz.to\/vf\/wp-content\/uploads\/2014\/02\/tarte_fine.jpg","type":"image\/jpeg"}],"author":"clotilde","twitter_card":"summary_large_image","twitter_creator":"@clotildenet","twitter_site":"@clotildenet","twitter_misc":{"Written by":"clotilde","Est. reading time":"2 minutes"},"schema":{"@context":"https:\/\/schema.org","@graph":[{"@type":"WebPage","@id":"https:\/\/cnz.to\/vf\/recettes\/tartes-et-gateaux\/tarte-fine-caramelisee-aux-pommes-recette\/","url":"https:\/\/cnz.to\/vf\/recettes\/tartes-et-gateaux\/tarte-fine-caramelisee-aux-pommes-recette\/","name":"Tarte fine aux pommes caram\u00e9lis\u00e9e Recette | Chocolate &amp; Zucchini","isPartOf":{"@id":"https:\/\/cnz.to\/vf\/#website"},"datePublished":"2024-10-28T11:24:16+00:00","dateModified":"2024-10-05T14:20:00+00:00","author":{"@id":"https:\/\/cnz.to\/vf\/#\/schema\/person\/56585f46f1594c60f6422c62b8af9132"},"description":"Une recette facile pour r\u00e9aliser une tarte fine aux pommes go\u00fbteuse et caram\u00e9lis\u00e9e, digne des meilleurs p\u00e2tissiers !","breadcrumb":{"@id":"https:\/\/cnz.to\/vf\/recettes\/tartes-et-gateaux\/tarte-fine-caramelisee-aux-pommes-recette\/#breadcrumb"},"inLanguage":"fr-FR","potentialAction":[{"@type":"ReadAction","target":["https:\/\/cnz.to\/vf\/recettes\/tartes-et-gateaux\/tarte-fine-caramelisee-aux-pommes-recette\/"]}]},{"@type":"BreadcrumbList","@id":"https:\/\/cnz.to\/vf\/recettes\/tartes-et-gateaux\/tarte-fine-caramelisee-aux-pommes-recette\/#breadcrumb","itemListElement":[{"@type":"ListItem","position":1,"name":"Home","item":"https:\/\/cnz.to\/vf\/"},{"@type":"ListItem","position":2,"name":"Tarte fine aux pommes caram\u00e9lis\u00e9e Recette"}]},{"@type":"WebSite","@id":"https:\/\/cnz.to\/vf\/#website","url":"https:\/\/cnz.to\/vf\/","name":"Chocolate &amp; Zucchini","description":"Recettes simples et astucieuses au fil des saisons","potentialAction":[{"@type":"SearchAction","target":{"@type":"EntryPoint","urlTemplate":"https:\/\/cnz.to\/vf\/?s={search_term_string}"},"query-input":"required name=search_term_string"}],"inLanguage":"fr-FR"},{"@type":"Person","@id":"https:\/\/cnz.to\/vf\/#\/schema\/person\/56585f46f1594c60f6422c62b8af9132","name":"clotilde","image":{"@type":"ImageObject","inLanguage":"fr-FR","@id":"https:\/\/cnz.to\/vf\/#\/schema\/person\/image\/","url":"https:\/\/secure.gravatar.com\/avatar\/91480dc79bdb2011ca52f2d72b610a0e?s=96&d=mm&r=g","contentUrl":"https:\/\/secure.gravatar.com\/avatar\/91480dc79bdb2011ca52f2d72b610a0e?s=96&d=mm&r=g","caption":"clotilde"},"sameAs":["https:\/\/www.facebook.com\/clotilde.dusoulier","https:\/\/twitter.com\/clotildenet"],"url":"https:\/\/cnz.to\/vf\/author\/clotilde\/"}]}},"_links":{"self":[{"href":"https:\/\/cnz.to\/vf\/wp-json\/wp\/v2\/posts\/4632"}],"collection":[{"href":"https:\/\/cnz.to\/vf\/wp-json\/wp\/v2\/posts"}],"about":[{"href":"https:\/\/cnz.to\/vf\/wp-json\/wp\/v2\/types\/post"}],"author":[{"embeddable":true,"href":"https:\/\/cnz.to\/vf\/wp-json\/wp\/v2\/users\/2"}],"replies":[{"embeddable":true,"href":"https:\/\/cnz.to\/vf\/wp-json\/wp\/v2\/comments?post=4632"}],"version-history":[{"count":8,"href":"https:\/\/cnz.to\/vf\/wp-json\/wp\/v2\/posts\/4632\/revisions"}],"predecessor-version":[{"id":8104,"href":"https:\/\/cnz.to\/vf\/wp-json\/wp\/v2\/posts\/4632\/revisions\/8104"}],"wp:featuredmedia":[{"embeddable":true,"href":"https:\/\/cnz.to\/vf\/wp-json\/wp\/v2\/media\/4639"}],"wp:attachment":[{"href":"https:\/\/cnz.to\/vf\/wp-json\/wp\/v2\/media?parent=4632"}],"wp:term":[{"taxonomy":"category","embeddable":true,"href":"https:\/\/cnz.to\/vf\/wp-json\/wp\/v2\/categories?post=4632"},{"taxonomy":"post_tag","embeddable":true,"href":"https:\/\/cnz.to\/vf\/wp-json\/wp\/v2\/tags?post=4632"}],"curies":[{"name":"wp","href":"https:\/\/api.w.org\/{rel}","templated":true}]}}