{"id":3583,"date":"2012-08-01T11:00:00","date_gmt":"2012-08-01T09:00:00","guid":{"rendered":"https:\/\/cnz.to\/vf\/uncategorized\/dessine-moi-un-frigo-bertrand-grebaut-de-septime\/"},"modified":"2012-08-01T11:00:00","modified_gmt":"2012-08-01T09:00:00","slug":"dessine-moi-un-frigo-bertrand-grebaut-de-septime","status":"publish","type":"post","link":"https:\/\/cnz.to\/vf\/interview\/dessine-moi-un-frigo\/dessine-moi-un-frigo-bertrand-grebaut-de-septime\/","title":{"rendered":"Dessine moi un frigo : Bertrand Gr\u00e9baut de Septime"},"content":{"rendered":"<p><i>Pour le premier billet de notre nouvelle s\u00e9rie <b>Dessine-moi un frigo<\/b> (<a href=\"https:\/\/cnz.to\/vf\/2012\/07\/dessine_moi_un_frigo_une_nouvelle_serie_dinterviews.php\">tous les d\u00e9tails ici<\/a>), Alexia a rencontr\u00e9 Bertrand Gr\u00e9baut, le chef du restaurant Septime.<\/i><\/p>\n<p>Ex-Agap\u00e9 (une \u00e9toile Michelin en un temps record), ancien de Passard et de Robuchon, <b>Bertrand Gr\u00e9baut<\/b> a ouvert son restaurant <a href=\"http:\/\/www.septime-charonne.fr\/\">Septime<\/a> \u00e0 Paris en avril 2011. Le restaurant ne d\u00e9semplit pas depuis son ouverture, et la qualit\u00e9 du service de son \u00e9quipe reste irr\u00e9prochable. <\/p>\n<p><b>AC : Quels sont les incontournables de votre frigidaire&nbsp;?<\/b><\/p>\n<p>BG : Il n&rsquo;y a pas grand-chose dans mon frigo &#8212; c&rsquo;est un peu la honte ! En fait, on a plein de bouteilles d&rsquo;eau p\u00e9tillante, de toutes sortes. Au cong\u00e9lateur, on a une barquette de piments que ma copine avait re\u00e7ue du fournisseur de son restaurant (ndlr: la p\u00e2tissi\u00e8re Tatiana Levha, ex-Astrance, ex-Arp\u00e8ge, qui a sign\u00e9 le dessert de la soir\u00e9e de la 4\u00e8me \u00e9dition des Veill\u00e9es Foodstock du 12 mai 2012). On en met un tout petit peu dans nos pr\u00e9parations &#8212; ils sont tellement forts qu&rsquo;on en a pour un bout de temps ! On a aussi une tr\u00e8s bonne sauce tomate.<\/p>\n<p>Si, quand m\u00eame, au frigo on a une excellente burrata qu&rsquo;on ach\u00e8te \u00e0 la Coop\u00e9rative Italienne (ndlr : Coop\u00e9rative Latte Cisternino 108 rue Saint Maur 75011) et de la bonne charcuterie. Et on a toujours une belle botte de persil et de coriandre. Et de la sauce soja. Ah, et m\u00eame si \u00e7a me fait mal de l&rsquo;admettre, de la mayonnaise industrielle &#8211; que j&rsquo;adore- et des nouilles ramen en bol d\u00e9shydrat\u00e9es!<\/p>\n<p><b>AC : Faites-vous les courses vous-m\u00eame ? <\/b><\/p>\n<p>BG : On fait les courses au March\u00e9 Popincourt ou au March\u00e9 d&rsquo;Aligre, et puis chez les petits commer\u00e7ants. Mais on ne mange pas souvent chez nous. La semaine je passe ma vie aux fourneaux ici, alors le weekend j&rsquo;en profite pour sortir et voir ce que font les autres.<\/p>\n<p><!--more--><\/p>\n<p><b>AC : Quel est la chose la plus surprenante \u00e0 propos de\/dans votre r\u00e9frig\u00e9rateur ?<\/b><\/p>\n<p>BG : Une belle tranche de c\u0153ur de cheval ! Je raffole de la viande de cheval, m\u00eame si je sais que c&rsquo;est assez peu courant de l&rsquo;admettre. Mais bon, ce n&rsquo;est pas parce qu&rsquo;on les monte qu&rsquo;on ne peut pas les manger ! Je me fournis \u00e0 la boucherie chevaline qui est soit au march\u00e9 Popincourt, soit au march\u00e9 Richard Lenoir.<\/p>\n<p><b>AC : Des tentatives\/m\u00e9saventures en cuisine que vous vous sentez d&rsquo;attaque \u00e0 raconter ?<\/b><\/p>\n<p>BG : Et bien r\u00e9cemment, j&rsquo;ai pr\u00e9par\u00e9 un cheesecake pour le personnel du restaurant. Le r\u00e9sultat \u00e9tait honteux : un vraie cr\u00eape ! J&rsquo;avoue que j&rsquo;ai perdu de ma cr\u00e9dibilit\u00e9 pendant un moment ! En fait, je n&rsquo;aime pas trop la p\u00e2tisserie : \u00e7a colle aux mains. Quand on a des invit\u00e9s \u00e0 la maison, je rapporte un dessert du restaurant, ou bien un Paris-Brest de Philippe Conticini de la P\u00e2tisserie des R\u00eaves (ndlr : 93 rue du Bac 75007 et 11 rue de Longchamp 75016).<\/p>\n<p><b>AC : Y conservez-vous des non-comestibles ? <\/b><\/p>\n<p>BG : Ma copine garde tous ses cosm\u00e9tiques Caudalie au frigo  &#8212; il y en a un paquet.<\/p>\n<p><b>AC: Une recette \u00ab\u00a0fond de frigo\u00a0\u00bb \u00e0 sugg\u00e9rer \u00e0 nos lecteurs ? <\/b><\/p>\n<p>BG : On aime bien se pr\u00e9parer un reste de poulet r\u00f4ti avec du riz cuit au riz vapeur relev\u00e9 d&rsquo;un condiment fait avec du persil, coriandre, sauce au soja et bien citronn\u00e9. Un r\u00e9gal.<\/p>\n<p><a href=\"http:\/\/www.septime-charonne.fr\/\">Septime<\/a><br \/>\n80 rue de Charonne, Paris 11e, M\u00b0 Charonne<br \/>\nT\u00e9l : 01 43 67 38 29<br \/>\nFerm\u00e9 sam. et dim. R\u00e9servations ouvertes 3 semaines \u00e0 l&rsquo;avance<\/p>\n<p><i>Si vous nourrissez \u00e9galement un faible inavou\u00e9 pour la mayonnaise industrielle ou les nouilles ramen d\u00e9shydrat\u00e9es en bol, je vous conseille les lectures suivantes, id\u00e9ales pour les vacances : <a href=\"http:\/\/www.amazon.fr\/dp\/2070421651?tag=chocolzucchi-21\">Une gourmandise<\/a> de Muriel Barbery et <a href=\"http:\/\/www.amazon.fr\/dp\/B001UUJ5ZK?tag=chocolzucchi-21\">The Ramen King and I: How the Inventor of Instant Noodles Fixed My Love Life<\/a> de Andy Raskin.<\/i><\/p>\n","protected":false},"excerpt":{"rendered":"<p>Pour le premier billet de notre nouvelle s\u00e9rie Dessine-moi un frigo (tous les d\u00e9tails ici), Alexia a rencontr\u00e9 Bertrand Gr\u00e9baut, [&hellip;]<\/p>\n","protected":false},"author":2,"featured_media":0,"comment_status":"open","ping_status":"1","sticky":false,"template":"","format":"standard","meta":{"om_disable_all_campaigns":false,"_mi_skip_tracking":false},"categories":[405],"tags":[],"acf":[],"yoast_head":"<!-- This site is optimized with the Yoast SEO plugin v19.10 - https:\/\/yoast.com\/wordpress\/plugins\/seo\/ -->\n<title>Dessine moi un frigo : Bertrand Gr\u00e9baut de Septime | Chocolate &amp; Zucchini<\/title>\n<meta name=\"robots\" content=\"index, follow, max-snippet:-1, max-image-preview:large, max-video-preview:-1\" \/>\n<link rel=\"canonical\" href=\"https:\/\/cnz.to\/vf\/interview\/dessine-moi-un-frigo\/dessine-moi-un-frigo-bertrand-grebaut-de-septime\/\" \/>\n<meta property=\"og:locale\" content=\"fr_FR\" \/>\n<meta property=\"og:type\" content=\"article\" \/>\n<meta property=\"og:title\" content=\"Dessine moi un frigo : Bertrand Gr\u00e9baut de Septime | Chocolate &amp; Zucchini\" \/>\n<meta property=\"og:description\" content=\"Pour le premier billet de notre nouvelle s\u00e9rie Dessine-moi un frigo (tous les d\u00e9tails ici), Alexia a rencontr\u00e9 Bertrand Gr\u00e9baut, [&hellip;]\" \/>\n<meta property=\"og:url\" content=\"https:\/\/cnz.to\/vf\/interview\/dessine-moi-un-frigo\/dessine-moi-un-frigo-bertrand-grebaut-de-septime\/\" \/>\n<meta property=\"og:site_name\" content=\"Chocolate &amp; Zucchini\" \/>\n<meta property=\"article:publisher\" content=\"https:\/\/www.facebook.com\/choczuc\/\" \/>\n<meta property=\"article:author\" content=\"https:\/\/www.facebook.com\/clotilde.dusoulier\" \/>\n<meta property=\"article:published_time\" content=\"2012-08-01T09:00:00+00:00\" \/>\n<meta property=\"og:image\" content=\"https:\/\/cnz.to\/vf\/wp-content\/uploads\/2015\/11\/brocoli.jpg\" \/>\n\t<meta property=\"og:image:width\" content=\"427\" \/>\n\t<meta property=\"og:image:height\" content=\"640\" \/>\n\t<meta property=\"og:image:type\" content=\"image\/jpeg\" \/>\n<meta name=\"author\" content=\"clotilde\" \/>\n<meta name=\"twitter:card\" content=\"summary_large_image\" \/>\n<meta name=\"twitter:creator\" content=\"@clotildenet\" \/>\n<meta name=\"twitter:site\" content=\"@clotildenet\" \/>\n<meta name=\"twitter:label1\" content=\"Written by\" \/>\n\t<meta name=\"twitter:data1\" content=\"clotilde\" \/>\n\t<meta name=\"twitter:label2\" content=\"Est. reading time\" \/>\n\t<meta name=\"twitter:data2\" content=\"3 minutes\" \/>\n<script type=\"application\/ld+json\" class=\"yoast-schema-graph\">{\"@context\":\"https:\/\/schema.org\",\"@graph\":[{\"@type\":\"WebPage\",\"@id\":\"https:\/\/cnz.to\/vf\/interview\/dessine-moi-un-frigo\/dessine-moi-un-frigo-bertrand-grebaut-de-septime\/\",\"url\":\"https:\/\/cnz.to\/vf\/interview\/dessine-moi-un-frigo\/dessine-moi-un-frigo-bertrand-grebaut-de-septime\/\",\"name\":\"Dessine moi un frigo : Bertrand Gr\u00e9baut de Septime | Chocolate &amp; Zucchini\",\"isPartOf\":{\"@id\":\"https:\/\/cnz.to\/vf\/#website\"},\"datePublished\":\"2012-08-01T09:00:00+00:00\",\"dateModified\":\"2012-08-01T09:00:00+00:00\",\"author\":{\"@id\":\"https:\/\/cnz.to\/vf\/#\/schema\/person\/56585f46f1594c60f6422c62b8af9132\"},\"breadcrumb\":{\"@id\":\"https:\/\/cnz.to\/vf\/interview\/dessine-moi-un-frigo\/dessine-moi-un-frigo-bertrand-grebaut-de-septime\/#breadcrumb\"},\"inLanguage\":\"fr-FR\",\"potentialAction\":[{\"@type\":\"ReadAction\",\"target\":[\"https:\/\/cnz.to\/vf\/interview\/dessine-moi-un-frigo\/dessine-moi-un-frigo-bertrand-grebaut-de-septime\/\"]}]},{\"@type\":\"BreadcrumbList\",\"@id\":\"https:\/\/cnz.to\/vf\/interview\/dessine-moi-un-frigo\/dessine-moi-un-frigo-bertrand-grebaut-de-septime\/#breadcrumb\",\"itemListElement\":[{\"@type\":\"ListItem\",\"position\":1,\"name\":\"Home\",\"item\":\"https:\/\/cnz.to\/vf\/\"},{\"@type\":\"ListItem\",\"position\":2,\"name\":\"Dessine moi un frigo : Bertrand Gr\u00e9baut de Septime\"}]},{\"@type\":\"WebSite\",\"@id\":\"https:\/\/cnz.to\/vf\/#website\",\"url\":\"https:\/\/cnz.to\/vf\/\",\"name\":\"Chocolate &amp; Zucchini\",\"description\":\"Recettes simples et astucieuses au fil des saisons\",\"potentialAction\":[{\"@type\":\"SearchAction\",\"target\":{\"@type\":\"EntryPoint\",\"urlTemplate\":\"https:\/\/cnz.to\/vf\/?s={search_term_string}\"},\"query-input\":\"required name=search_term_string\"}],\"inLanguage\":\"fr-FR\"},{\"@type\":\"Person\",\"@id\":\"https:\/\/cnz.to\/vf\/#\/schema\/person\/56585f46f1594c60f6422c62b8af9132\",\"name\":\"clotilde\",\"image\":{\"@type\":\"ImageObject\",\"inLanguage\":\"fr-FR\",\"@id\":\"https:\/\/cnz.to\/vf\/#\/schema\/person\/image\/\",\"url\":\"https:\/\/secure.gravatar.com\/avatar\/91480dc79bdb2011ca52f2d72b610a0e?s=96&d=mm&r=g\",\"contentUrl\":\"https:\/\/secure.gravatar.com\/avatar\/91480dc79bdb2011ca52f2d72b610a0e?s=96&d=mm&r=g\",\"caption\":\"clotilde\"},\"sameAs\":[\"https:\/\/www.facebook.com\/clotilde.dusoulier\",\"https:\/\/twitter.com\/clotildenet\"],\"url\":\"https:\/\/cnz.to\/vf\/author\/clotilde\/\"}]}<\/script>\n<!-- \/ Yoast SEO plugin. -->","yoast_head_json":{"title":"Dessine moi un frigo : Bertrand Gr\u00e9baut de Septime | Chocolate &amp; Zucchini","robots":{"index":"index","follow":"follow","max-snippet":"max-snippet:-1","max-image-preview":"max-image-preview:large","max-video-preview":"max-video-preview:-1"},"canonical":"https:\/\/cnz.to\/vf\/interview\/dessine-moi-un-frigo\/dessine-moi-un-frigo-bertrand-grebaut-de-septime\/","og_locale":"fr_FR","og_type":"article","og_title":"Dessine moi un frigo : Bertrand Gr\u00e9baut de Septime | Chocolate &amp; Zucchini","og_description":"Pour le premier billet de notre nouvelle s\u00e9rie Dessine-moi un frigo (tous les d\u00e9tails ici), Alexia a rencontr\u00e9 Bertrand Gr\u00e9baut, [&hellip;]","og_url":"https:\/\/cnz.to\/vf\/interview\/dessine-moi-un-frigo\/dessine-moi-un-frigo-bertrand-grebaut-de-septime\/","og_site_name":"Chocolate &amp; Zucchini","article_publisher":"https:\/\/www.facebook.com\/choczuc\/","article_author":"https:\/\/www.facebook.com\/clotilde.dusoulier","article_published_time":"2012-08-01T09:00:00+00:00","og_image":[{"width":427,"height":640,"url":"https:\/\/cnz.to\/vf\/wp-content\/uploads\/2015\/11\/brocoli.jpg","type":"image\/jpeg"}],"author":"clotilde","twitter_card":"summary_large_image","twitter_creator":"@clotildenet","twitter_site":"@clotildenet","twitter_misc":{"Written by":"clotilde","Est. reading time":"3 minutes"},"schema":{"@context":"https:\/\/schema.org","@graph":[{"@type":"WebPage","@id":"https:\/\/cnz.to\/vf\/interview\/dessine-moi-un-frigo\/dessine-moi-un-frigo-bertrand-grebaut-de-septime\/","url":"https:\/\/cnz.to\/vf\/interview\/dessine-moi-un-frigo\/dessine-moi-un-frigo-bertrand-grebaut-de-septime\/","name":"Dessine moi un frigo : Bertrand Gr\u00e9baut de Septime | Chocolate &amp; Zucchini","isPartOf":{"@id":"https:\/\/cnz.to\/vf\/#website"},"datePublished":"2012-08-01T09:00:00+00:00","dateModified":"2012-08-01T09:00:00+00:00","author":{"@id":"https:\/\/cnz.to\/vf\/#\/schema\/person\/56585f46f1594c60f6422c62b8af9132"},"breadcrumb":{"@id":"https:\/\/cnz.to\/vf\/interview\/dessine-moi-un-frigo\/dessine-moi-un-frigo-bertrand-grebaut-de-septime\/#breadcrumb"},"inLanguage":"fr-FR","potentialAction":[{"@type":"ReadAction","target":["https:\/\/cnz.to\/vf\/interview\/dessine-moi-un-frigo\/dessine-moi-un-frigo-bertrand-grebaut-de-septime\/"]}]},{"@type":"BreadcrumbList","@id":"https:\/\/cnz.to\/vf\/interview\/dessine-moi-un-frigo\/dessine-moi-un-frigo-bertrand-grebaut-de-septime\/#breadcrumb","itemListElement":[{"@type":"ListItem","position":1,"name":"Home","item":"https:\/\/cnz.to\/vf\/"},{"@type":"ListItem","position":2,"name":"Dessine moi un frigo : Bertrand Gr\u00e9baut de Septime"}]},{"@type":"WebSite","@id":"https:\/\/cnz.to\/vf\/#website","url":"https:\/\/cnz.to\/vf\/","name":"Chocolate &amp; Zucchini","description":"Recettes simples et astucieuses au fil des saisons","potentialAction":[{"@type":"SearchAction","target":{"@type":"EntryPoint","urlTemplate":"https:\/\/cnz.to\/vf\/?s={search_term_string}"},"query-input":"required name=search_term_string"}],"inLanguage":"fr-FR"},{"@type":"Person","@id":"https:\/\/cnz.to\/vf\/#\/schema\/person\/56585f46f1594c60f6422c62b8af9132","name":"clotilde","image":{"@type":"ImageObject","inLanguage":"fr-FR","@id":"https:\/\/cnz.to\/vf\/#\/schema\/person\/image\/","url":"https:\/\/secure.gravatar.com\/avatar\/91480dc79bdb2011ca52f2d72b610a0e?s=96&d=mm&r=g","contentUrl":"https:\/\/secure.gravatar.com\/avatar\/91480dc79bdb2011ca52f2d72b610a0e?s=96&d=mm&r=g","caption":"clotilde"},"sameAs":["https:\/\/www.facebook.com\/clotilde.dusoulier","https:\/\/twitter.com\/clotildenet"],"url":"https:\/\/cnz.to\/vf\/author\/clotilde\/"}]}},"_links":{"self":[{"href":"https:\/\/cnz.to\/vf\/wp-json\/wp\/v2\/posts\/3583"}],"collection":[{"href":"https:\/\/cnz.to\/vf\/wp-json\/wp\/v2\/posts"}],"about":[{"href":"https:\/\/cnz.to\/vf\/wp-json\/wp\/v2\/types\/post"}],"author":[{"embeddable":true,"href":"https:\/\/cnz.to\/vf\/wp-json\/wp\/v2\/users\/2"}],"replies":[{"embeddable":true,"href":"https:\/\/cnz.to\/vf\/wp-json\/wp\/v2\/comments?post=3583"}],"version-history":[{"count":0,"href":"https:\/\/cnz.to\/vf\/wp-json\/wp\/v2\/posts\/3583\/revisions"}],"wp:attachment":[{"href":"https:\/\/cnz.to\/vf\/wp-json\/wp\/v2\/media?parent=3583"}],"wp:term":[{"taxonomy":"category","embeddable":true,"href":"https:\/\/cnz.to\/vf\/wp-json\/wp\/v2\/categories?post=3583"},{"taxonomy":"post_tag","embeddable":true,"href":"https:\/\/cnz.to\/vf\/wp-json\/wp\/v2\/tags?post=3583"}],"curies":[{"name":"wp","href":"https:\/\/api.w.org\/{rel}","templated":true}]}}