{"id":3431,"date":"2010-06-15T11:03:12","date_gmt":"2010-06-15T09:03:12","guid":{"rendered":"https:\/\/cnz.to\/vf\/uncategorized\/les-sables-dyves-camdeborde-recette\/"},"modified":"2015-11-30T15:37:21","modified_gmt":"2015-11-30T14:37:21","slug":"les-sables-dyves-camdeborde-recette","status":"publish","type":"post","link":"https:\/\/cnz.to\/vf\/recettes\/biscuits-et-petits-gateaux\/les-sables-dyves-camdeborde-recette\/","title":{"rendered":"Les Sabl\u00e9s d&rsquo;Yves Camdeborde Recette"},"content":{"rendered":"<p><a href=\"http:\/\/www.menufretin.fr\/\">Menu Fretin<\/a>, c&rsquo;est une jeune maison d&rsquo;\u00e9dition ind\u00e9pendante sp\u00e9cialis\u00e9e dans les ouvrages culinaires*. Quand on conna\u00eet la taille de la structure (toute petite) et qu&rsquo;on sait combien il est difficile de se faire une place parmi les Goliath de l&rsquo;\u00e9dition, on ne peut qu&rsquo;\u00eatre impressionn\u00e9 par son catalogue ambitieux.<\/p>\n<blockquote class=\"pullquote alignright\">\n<p>\t\t\tCette recette donne \u00e0 mon sens le sabl\u00e9 parfait : un biscuit croustillant puis friable en bouche, au bon go\u00fbt de vanille et de beurre, avec une touche de sel et un voile de caramel.\n\t\t<\/p><\/blockquote>\n<p>Menu Fretin a r\u00e9\u00e9dit\u00e9 des bijoux de l&rsquo;histoire de l&rsquo;\u00e9criture culinaire &#8212; une \u00e9dition augment\u00e9e du <a href=\"http:\/\/www.menufretin.fr\/le-catalogue\/hors-collection\/dico-dumas-le-grand-dictionnaire-de-cuisine-dalexandre-dumas\/\">Grand Dictionnaire de Cuisine<\/a> d&rsquo;Alexandre Dumas, une biographie de <a href=\"http:\/\/www.menufretin.fr\/le-catalogue\/hors-collection\/grimod-de-la-reyniere-et-son-groupe\/\">Grimod de la Reyni\u00e8re<\/a> et divers textes gourmands du XIX\u00e8 si\u00e8cle &#8212; mais aussi publi\u00e9 de nouvelles cr\u00e9ations de chefs contemporains, comme le livre d&rsquo;<a href=\"http:\/\/www.menufretin.fr\/le-catalogue\/a-la-une\/comment-faire-la-cuisine\/\">Olivier Nasti<\/a> \u00e0 Kaysersberg, celui de <a href=\"http:\/\/www.menufretin.fr\/le-catalogue\/les-livres\/osez-lantimanuel-de-cuisine\/\">Juliette et Jean-Marie Baudic<\/a> \u00e0 Saint-Brieuc, ou celui des vingt-six chefs fran\u00e7ais expatri\u00e9s rassembl\u00e9s sous la banni\u00e8re du <a href=\"http:\/\/www.villagedechefs.com\/\">Village de chefs<\/a>.<\/p>\n<p>A la fin de l&rsquo;ann\u00e9e derni\u00e8re, trois titres ont \u00e9t\u00e9 ajout\u00e9s dans le cadre d&rsquo;une nouvelle collection appel\u00e9e <a href=\"http:\/\/www.menufretin.fr\/le-catalogue\/les-livres\/menus-festins\/\">Menu Festin<\/a>. [Mise \u00e0 jour : les onze livrets de cette collection ont maintenant \u00e9t\u00e9 r\u00e9unis en <a href=\"http:\/\/www.menufretin.fr\/le-catalogue\/les-livres\/menus-festins\/\">un seul livre<\/a>.] Pour chacun de ces trois livrets, le m\u00eame <b>concept fut\u00e9<\/b> : demander \u00e0 un chef de cr\u00e9er un menu \u00e0 cinq plats (amuse-bouche, entr\u00e9e, plat, dessert, mignardise ou pr\u00e9-dessert) autour d&rsquo;un th\u00e8me, et proposer le d\u00e9roul\u00e9 entier de la pr\u00e9paration au cours du livre, avec compte \u00e0 rebours depuis la mise en place jusqu&rsquo;\u00e0 l&rsquo;heure du service. Des photos en \u00ab\u00a0pas \u00e0 pas\u00a0\u00bb et des listes d&rsquo;ingr\u00e9dients et d&rsquo;\u00e9tapes compl\u00e8tent ce parcours guid\u00e9 du cuisinier.<\/p>\n<p><a href=\"http:\/\/www.menufretin.fr\/le-catalogue\/les-livres\/menus-festins\/\"><img loading=\"lazy\" class=\"right\" src=\"https:\/\/cnz.to\/archives\/images\/books\/dimancheenfamille.jpg\" alt=\"Dimanche en famille\" width=\"142\" height=\"200\" \/><\/a>L&rsquo;un de ces livres s&rsquo;intitule <a href=\"http:\/\/www.menufretin.fr\/le-catalogue\/les-livres\/menus-festins\/\">Dimanche en famille<\/a> et son auteur est Yves Camdeborde, le c\u00e9l\u00e8bre chef b\u00e9arnais souvent pr\u00e9sent\u00e9 comme le p\u00e8re de la bistronomie \u00e0 Paris, o\u00f9 il tient aujourd&rsquo;hui le tr\u00e8s populaire <a href=\"http:\/\/parisbymouth.com\/le-comptoir-du-relais\/\">Comptoir du Relais<\/a>, et <a href=\"http:\/\/hotel-paris-relais-saint-germain.com\/\">l&rsquo;h\u00f4tel<\/a> qui va avec.<\/p>\n<p><!--more--><\/p>\n<p>Comme l&rsquo;indique le titre du livre, Camdeborde propose un menu de repas dominical qui se d\u00e9roule comme suit : des <b>goug\u00e8res<\/b> \u00e0 l&rsquo;ap\u00e9ritif, un <b>consomm\u00e9<\/b> de boeuf avec des ravioles de foie gras en entr\u00e9e, un <b>poulet en cro\u00fbte de sel<\/b> avec des girolles et des p\u00e2tes langue d&rsquo;oiseau, un <b>savarin<\/b> \u00e0 l&rsquo;Armagnac avec une marmelade d&rsquo;abricots et de la Chantilly, et enfin des <b>sabl\u00e9s<\/b> \u00e0 la vanille.<\/p>\n<p>Le menu entier me pla\u00eet, avec son cot\u00e9 <b>tradi<\/b> qui m&rsquo;\u00e9voque une autre famille que la mienne, une vieille maison dans le sud, et une table dans le jardin sous le cerisier. Je ne le servirais probablement pas de bout en bout parce que \u00e7a fait quand m\u00eame beaucoup \u00e0 manger, m\u00eame pour un dimanche, mais j&rsquo;aime que chaque plat permette d&rsquo;apprendre une ou plusieurs techniques, et Camdeborde n&rsquo;est pas avare en astuces et en explications.<\/p>\n<p>La premi\u00e8re recette que j&rsquo;ai essay\u00e9e, c&rsquo;est celle des <b>sabl\u00e9s<\/b>, sur la recommandation enthousiaste de Laurent Seminel, qui dirige la maison d&rsquo;\u00e9dition.<\/p>\n<p>Du beurre, du sucre, de la farine, de la vanille, du sel : \u00e7a ressemble \u00e0 une recette classique de <a href=\"https:\/\/cnz.to\/vf\/2009\/10\/sables_diamant_au_matcha.php\" target=\"_self\">sabl\u00e9s diamant<\/a> et \u00e7a met en jeu ma technique favorite, qui consiste \u00e0 faire un boudin de p\u00e2te que l&rsquo;on coupe simplement en tranches. Mais ce qui rend cette recette <b>exceptionnellement bonne<\/b>, \u00e0 mon sens, c&rsquo;est qu&rsquo;elle recommande de faire cuire les sabl\u00e9s \u00e0 temp\u00e9rature mod\u00e9r\u00e9e (150\u00b0C) : ceci leur permet de cuire doucement et de fa\u00e7on uniforme, sans colorer, tout en donnant au sucre qui les ceinture le temps de former une cro\u00fbte caram\u00e9lis\u00e9e.<\/p>\n<p>Et on obtient ce qui est pour moi <b>le sabl\u00e9 parfait<\/b> : un biscuit croustillant puis friable en bouche, au bon go\u00fbt de vanille et de beurre, avec une touche de sel et un voile de caramel.<\/p>\n<p>C&rsquo;est divin <b>\u00e0 croquer<\/b> juste comme \u00e7a, mais \u00e7a fait aussi son petit effet pour accompagner les salades de fruit et les glaces. On a d\u00e9gust\u00e9 ma derni\u00e8re fourn\u00e9e avec de la <a href=\"https:\/\/cnz.to\/vf\/2008\/10\/glace_au_yaourt_et_au_chocolat.php\" target=\"_self\">glace au yaourt et au chocolat<\/a>, et ensuite j&rsquo;ai eu l&rsquo;id\u00e9e d&rsquo;en faire des <b>tartelettes miniatures<\/b>, avec un tout petit peu de cr\u00e8me fra\u00eeche sur le dessus pour faire tenir quelques <a href=\"https:\/\/cnz.to\/archives\/2005\/07\/wild_strawberries_from_the_garden.php\" target=\"_self\">fraises des bois<\/a>. C&rsquo;\u00e9tait bien.<\/p>\n<p>Les quantit\u00e9s donn\u00e9es permettent de faire pas mal de sabl\u00e9s (dans le livre il est \u00e9crit qu&rsquo;on devrait en obtenir dix-huit ; les miens \u00e9tait petits et j&rsquo;en ai fait une cinquantaine) mais il est tout \u00e0 fait possible de <b>congeler<\/b> la moiti\u00e9 de la p\u00e2te pour jouer les prolongations quelques semaines plus tard.<\/p>\n<p>Pour plus de recettes de sabl\u00e9s, vous pouvez aller voir :<br \/>\n~ les <a href=\"https:\/\/cnz.to\/vf\/2009\/10\/sables_diamant_au_matcha.php\" target=\"_self\">sabl\u00e9s diamant au matcha<\/a>,<br \/>\n~ les <a href=\"https:\/\/cnz.to\/vf\/2010\/04\/les_squeeze_sables_jouons_avec_la_farine_torrefiee.php\" target=\"_self\">squeeze sabl\u00e9s<\/a> \u00e0 la farine torr\u00e9fi\u00e9e,<br \/>\n~ les <a href=\"https:\/\/cnz.to\/vf\/2007\/11\/sables_croquants_poivre_et_noisette.php\" target=\"_self\">sabl\u00e9s croquants poivre et noisette<\/a>,<br \/>\n~ les <a href=\"https:\/\/cnz.to\/archives\/2006\/11\/shortbread.php\" target=\"_self\">shortbread<\/a> \u00e0 l&rsquo;anglaise (recette en anglais).<\/p>\n<p>~~~<\/p>\n<p>* Le \u00ab\u00a0menu fretin,\u00a0\u00bb comme vous le savez, ce sont les choses ou les gens de peu d&rsquo;importance. Mais ce que j&rsquo;ignorais avant l&rsquo;\u00e9criture de ce billet, c&rsquo;est que le <a href=\"http:\/\/www.cnrtl.fr\/definition\/fretin\">fretin<\/a> en question d\u00e9signe les \u00ab\u00a0poissons de tr\u00e8s petite taille que le p\u00eacheur rejette habituellement \u00e0 l&rsquo;eau.\u00a0\u00bb<\/p>\n<div class=\"hashtag-box clearfix\">\r\n\t<div class=\"hashtag-image\">\r\n\t\t<img width=\"84\" height=\"84\" src=\"https:\/\/cnz.to\/vf\/wp-content\/uploads\/2017\/09\/clotilde_instagram_84.jpg\" class=\"attachment-full size-full\" alt=\"\" loading=\"lazy\" \/>\t<\/div>\r\n\t<div class=\"hashtag-content\">\r\n\t\t<h2>Vous aimez cette recette ? Partagez vos photos sur Instagram !<\/h2>\r\n\t\t<p>Ajoutez le tag <a href=\"https:\/\/www.instagram.com\/explore\/tags\/cnzrecipes\/\">#cnzrecipes<\/a> aux photos de vos r\u00e9alisations. Je partagerai mes pr\u00e9f\u00e9r\u00e9es !<\/p>\n\t<\/div>\r\n<\/div>\r\n\n\n    <div id=\"zlrecipe-container-83\" class=\"zlrecipe-container-border\" >\n    <div itemscope itemtype=\"https:\/\/schema.org\/Recipe\" id=\"zlrecipe-container\" class=\"serif zlrecipe\">\n      <div id=\"zlrecipe-innerdiv\">\n        <div class=\"item b-b\"><div class=\"zlrecipe-print-link fl-r\"><a class=\"butn-link\" title=\"Print this recipe\" href=\"javascript:void(0);\" onclick=\"zlrPrint('zlrecipe-container-83', 'https:\/\/cnz.to\/vf\/wp-content\/plugins\/ziplist-recipe-plugin\/'); return false\">Print<\/a><\/div><div id=\"zl-recipe-link-83\" class=\"zl-recipe-link fl-r zl-rmvd\"><\/div><div id=\"zlrecipe-title\" itemprop=\"name\" class=\"b-b h-1 strong\" >Les Sabl\u00e9s d\u2019Yves Camdeborde Recette<\/div>\n      <\/div><div class=\"zlmeta zlclear\">\n      <div class=\"fl-l width-50\"><p id=\"zlrecipe-prep-time\">Pr\u00e9paration : <span itemprop=\"prepTime\" content=\"PT15M\">15 minutes<\/span><\/p><p id=\"zlrecipe-cook-time\">Cuisson : <span itemprop=\"cookTime\" content=\"PT30M\">30 minutes<\/span><\/p><p id=\"zlrecipe-total-time\">Total : <span itemprop=\"totalTime\" content=\"PT1H45M\">1 hour, 45 minutes<\/span><\/p><\/div>\n      <div class=\"fl-l width-50\"><p id=\"zlrecipe-yield\"><span itemprop=\"recipeYield\">Pour une cinquantaine de petits sabl\u00e9s.<\/span><\/p><\/div>\n      <div class=\"zlclear\">\n      <\/div>\n    <\/div><div class=\"img-desc-wrap\"><p class=\"t-a-c hide-card hide-print\">\n\t\t\t  <img class=\"photo\" itemprop=\"image\" src=\"https:\/\/cnz.to\/vf\/wp-content\/uploads\/2010\/06\/sables_camdeborde-2.jpg\" title=\"Les Sabl\u00e9s d\u2019Yves Camdeborde Recette\" alt=\"Les Sabl\u00e9s d\u2019Yves Camdeborde Recette\"  \/>\n\t\t\t<\/p><\/div><p id=\"zlrecipe-ingredients\" class=\"h-4 strong\">Ingr\u00e9dients<\/p><ul id=\"zlrecipe-ingredients-list\"><li id=\"zlrecipe-ingredient-0\" class=\"ingredient\" itemprop=\"ingredients\">200 g de <b>beurre<\/b> doux, le meilleur possible, \u00e0 temp\u00e9rature ambiante\r<\/li><li id=\"zlrecipe-ingredient-1\" class=\"ingredient\" itemprop=\"ingredients\">70 g de <b>sucre<\/b> (j'utilise un sucre brut de canne blond en poudre fine)\r<\/li><li id=\"zlrecipe-ingredient-2\" class=\"ingredient\" itemprop=\"ingredients\">une bonne pinc\u00e9e de <b>sel<\/b>\r<\/li><li id=\"zlrecipe-ingredient-3\" class=\"ingredient\" itemprop=\"ingredients\">1 ou 2 <b>gousses de vanille<\/b>, selon leur taille (<a href=\"https:\/\/cnz.to\/vf\/2008\/05\/vanille_de_tahiti.php\" target=\"_self\">les gousses<\/a> que j'utilise sont bien dodues, donc j'en mets une seule)\r<\/li><li id=\"zlrecipe-ingredient-4\" class=\"ingredient\" itemprop=\"ingredients\">250 g de <b>farine<\/b> (j'ai utilis\u00e9 de la T55 bio)\r<\/li><li id=\"zlrecipe-ingredient-5\" class=\"ingredient\" itemprop=\"ingredients\">1 <b>jaune d'oeuf<\/b> ou 3 c.s. de <b>lait<\/b> pour badigeonner\r<\/li><li id=\"zlrecipe-ingredient-6\" class=\"ingredient\" itemprop=\"ingredients\">du <b>sucre<\/b> cristallis\u00e9 pour enrober (j'utilise un sucre brut de canne en gros cristaux)<\/li><\/ul><p id=\"zlrecipe-instructions\" class=\"h-4 strong\">Instructions<\/p><ol id=\"zlrecipe-instructions-list\" class=\"instructions\"><li id=\"zlrecipe-instruction-0\" class=\"instruction\" itemprop=\"recipeInstructions\">Dans un saladier, battez le beurre \u00e0 la spatule jusqu'\u00e0 ce qu'il soit pommade (= cr\u00e9meux). Ajoutez le sucre et le sel et m\u00e9langez bien.\r<\/li><li id=\"zlrecipe-instruction-1\" class=\"instruction\" itemprop=\"recipeInstructions\">Coupez la (ou les) gousse(s) de vanille dans la longueur et r\u00e9coltez les graines en raclant l'int\u00e9rieur avec le c\u00f4t\u00e9 non coupant de la lame du couteau. Ajoutez-les au m\u00e9lange. (Gardez les gousses vides pour faire du sucre vanill\u00e9 ou de l'huile \u00e0 la vanille, pour infuser dans du lait, etc.)\r<\/li><li id=\"zlrecipe-instruction-2\" class=\"instruction\" itemprop=\"recipeInstructions\">Ajoutez la farine et incorporez-la du bout des doigts jusqu'\u00e0 ce qu'elle soit compl\u00e8tement absorb\u00e9e.\r<\/li><li id=\"zlrecipe-instruction-3\" class=\"instruction\" itemprop=\"recipeInstructions\">(Camdeborde recommande de faire la p\u00e2te \u00e0 la main pour \u00e9viter de trop la chauffer, mais j'avoue que je me suis servie de <a href=\"https:\/\/cnz.to\/archives\/2006\/04\/laide_de_cuisine.php\" target=\"_self\">mon robot<\/a>.)\r<\/li><li id=\"zlrecipe-instruction-4\" class=\"instruction\" itemprop=\"recipeInstructions\">Rassemblez la p\u00e2te en boule sans p\u00e9trir. Divisez-la en 4 morceaux et roulez chaque morceau pour former un boudin de 3 cm de diam\u00e8tre environ. Enveloppez-les dans du film plastique ou du papier sulfuris\u00e9, et mettez au frais au moins 1h. (On peut aussi en congeler une partie ; \u00e0 la sortie du cong\u00e9lateur, laissez reposer environ 1h \u00e0 temp\u00e9rature ambiante avant d'encha\u00eener avec le reste de la recette.)\r<\/li><li id=\"zlrecipe-instruction-5\" class=\"instruction\" itemprop=\"recipeInstructions\">Pr\u00e9chauffez le four \u00e0 150\u00b0C et recouvrez la plaque du four d'un tapis de cuisson en silicone ou d'une feuille de papier sulfuris\u00e9.\r<\/li><li id=\"zlrecipe-instruction-6\" class=\"instruction\" itemprop=\"recipeInstructions\">Retirez les boudins du r\u00e9frig\u00e9rateur. Battez le jaune d'oeuf (si c'est ce que vous utilisez) avec quelques gouttes d'eau pour le rendre un peu plus liquide. Prenez chaque boudin de p\u00e2te l'un apr\u00e8s l'autre, badigeonnez-le de jaune d'oeuf ou de lait au pinceau \u00e0 p\u00e2tisserie, puis saupoudrez de sucre cristalis\u00e9 pour bien enrober.\r<\/li><li id=\"zlrecipe-instruction-7\" class=\"instruction\" itemprop=\"recipeInstructions\">A l'aide d'un couteau bien aiguis\u00e9, coupez chaque boudin en tranches d'environ 1 cm d'\u00e9paisseur. Disposez les tranches sur la plaque de four en leur laissant juste un peu d'espace -- ils ne s'\u00e9talent pas beaucoup.\r<\/li><li id=\"zlrecipe-instruction-8\" class=\"instruction\" itemprop=\"recipeInstructions\">Enfournez et laissez cuire 30 minutes, jusqu'\u00e0 ce que la p\u00e2te soit prise au centre et les c\u00f4t\u00e9s l\u00e9g\u00e8rement caram\u00e9lis\u00e9s (les sabl\u00e9s ne doreront pas). Laissez reposer 5 minutes sur la plaque avant de transf\u00e9rer sur une grille jusqu'\u00e0 complet refroidissement. Recommencez avec le reste de la p\u00e2te.\r<\/li><li id=\"zlrecipe-instruction-9\" class=\"instruction\" itemprop=\"recipeInstructions\">Les sabl\u00e9s se gardent une petite semaine dans une bo\u00eete herm\u00e9tique \u00e0 temp\u00e9rature ambiante.<\/li><\/ol><p id=\"zlrecipe-notes\" class=\"h-4 strong\">Notes<\/p><div id=\"zlrecipe-notes-list\"><p class=\"notes\"><ul>\r\n<li>Je fais une version matcha de ces sabl\u00e9s en supprimant la vanille et en la rempla\u00e7ant par une c.s. de poudre de th\u00e9 vert.<\/li>\r\n<li>Adapt\u00e9 d'une recette d'Yves Camdeborde dans <a href=\"http:\/\/www.menufretin.fr\/le-catalogue\/les-livres\/menus-festins\/\">Menus Festins<\/a> (ed. Menu Fretin).<\/li>\r\n<\/ul><\/p><\/div><div class=\"ziplist-recipe-plugin\" style=\"display: none;\">3.1<\/div><a id=\"zl-printed-permalink\" href=\"https:\/\/cnz.to\/vf\/recettes\/biscuits-et-petits-gateaux\/les-sables-dyves-camdeborde-recette\/\"title=\"Permalink to Recipe\">https:\/\/cnz.to\/vf\/recettes\/biscuits-et-petits-gateaux\/les-sables-dyves-camdeborde-recette\/<\/a><\/div><div id=\"zl-printed-copyright-statement\" itemprop=\"copyrightHolder\">Unless otherwise noted, all recipes are copyright Clotilde Dusoulier.<\/div><\/div><\/div>\n","protected":false},"excerpt":{"rendered":"<p>Menu Fretin, c&rsquo;est une jeune maison d&rsquo;\u00e9dition ind\u00e9pendante sp\u00e9cialis\u00e9e dans les ouvrages culinaires*. Quand on conna\u00eet la taille de la [&hellip;]<\/p>\n","protected":false},"author":2,"featured_media":4713,"comment_status":"open","ping_status":"closed","sticky":false,"template":"","format":"standard","meta":{"om_disable_all_campaigns":false,"_mi_skip_tracking":false},"categories":[419,416,422,378,684],"tags":[446,641,436],"acf":[],"yoast_head":"<!-- This site is optimized with the Yoast SEO plugin v19.10 - https:\/\/yoast.com\/wordpress\/plugins\/seo\/ -->\n<title>Les Sabl\u00e9s d&#039;Yves Camdeborde Recette | Chocolate &amp; Zucchini<\/title>\n<meta name=\"robots\" content=\"index, follow, max-snippet:-1, max-image-preview:large, max-video-preview:-1\" \/>\n<link rel=\"canonical\" href=\"https:\/\/cnz.to\/vf\/recettes\/biscuits-et-petits-gateaux\/les-sables-dyves-camdeborde-recette\/\" \/>\n<meta property=\"og:locale\" content=\"fr_FR\" \/>\n<meta property=\"og:type\" content=\"article\" \/>\n<meta property=\"og:title\" content=\"Les Sabl\u00e9s d&#039;Yves Camdeborde Recette | Chocolate &amp; Zucchini\" \/>\n<meta property=\"og:description\" content=\"Menu Fretin, c&rsquo;est une jeune maison d&rsquo;\u00e9dition ind\u00e9pendante sp\u00e9cialis\u00e9e dans les ouvrages culinaires*. Quand on conna\u00eet la taille de la [&hellip;]\" \/>\n<meta property=\"og:url\" content=\"https:\/\/cnz.to\/vf\/recettes\/biscuits-et-petits-gateaux\/les-sables-dyves-camdeborde-recette\/\" \/>\n<meta property=\"og:site_name\" content=\"Chocolate &amp; Zucchini\" \/>\n<meta property=\"article:publisher\" content=\"https:\/\/www.facebook.com\/choczuc\/\" \/>\n<meta property=\"article:author\" content=\"https:\/\/www.facebook.com\/clotilde.dusoulier\" \/>\n<meta property=\"article:published_time\" content=\"2010-06-15T09:03:12+00:00\" \/>\n<meta property=\"article:modified_time\" content=\"2015-11-30T14:37:21+00:00\" \/>\n<meta property=\"og:image\" content=\"https:\/\/cnz.to\/vf\/wp-content\/uploads\/2010\/06\/sables_camdeborde-2.jpg\" \/>\n\t<meta property=\"og:image:width\" content=\"760\" \/>\n\t<meta property=\"og:image:height\" content=\"505\" \/>\n\t<meta property=\"og:image:type\" content=\"image\/jpeg\" \/>\n<meta name=\"author\" content=\"clotilde\" \/>\n<meta name=\"twitter:card\" content=\"summary_large_image\" \/>\n<meta name=\"twitter:creator\" content=\"@clotildenet\" \/>\n<meta name=\"twitter:site\" content=\"@clotildenet\" \/>\n<meta name=\"twitter:label1\" content=\"Written by\" \/>\n\t<meta name=\"twitter:data1\" content=\"clotilde\" \/>\n\t<meta name=\"twitter:label2\" content=\"Est. reading time\" \/>\n\t<meta name=\"twitter:data2\" content=\"4 minutes\" \/>\n<script type=\"application\/ld+json\" class=\"yoast-schema-graph\">{\"@context\":\"https:\/\/schema.org\",\"@graph\":[{\"@type\":\"WebPage\",\"@id\":\"https:\/\/cnz.to\/vf\/recettes\/biscuits-et-petits-gateaux\/les-sables-dyves-camdeborde-recette\/\",\"url\":\"https:\/\/cnz.to\/vf\/recettes\/biscuits-et-petits-gateaux\/les-sables-dyves-camdeborde-recette\/\",\"name\":\"Les Sabl\u00e9s d'Yves Camdeborde Recette | Chocolate &amp; Zucchini\",\"isPartOf\":{\"@id\":\"https:\/\/cnz.to\/vf\/#website\"},\"datePublished\":\"2010-06-15T09:03:12+00:00\",\"dateModified\":\"2015-11-30T14:37:21+00:00\",\"author\":{\"@id\":\"https:\/\/cnz.to\/vf\/#\/schema\/person\/56585f46f1594c60f6422c62b8af9132\"},\"breadcrumb\":{\"@id\":\"https:\/\/cnz.to\/vf\/recettes\/biscuits-et-petits-gateaux\/les-sables-dyves-camdeborde-recette\/#breadcrumb\"},\"inLanguage\":\"fr-FR\",\"potentialAction\":[{\"@type\":\"ReadAction\",\"target\":[\"https:\/\/cnz.to\/vf\/recettes\/biscuits-et-petits-gateaux\/les-sables-dyves-camdeborde-recette\/\"]}]},{\"@type\":\"BreadcrumbList\",\"@id\":\"https:\/\/cnz.to\/vf\/recettes\/biscuits-et-petits-gateaux\/les-sables-dyves-camdeborde-recette\/#breadcrumb\",\"itemListElement\":[{\"@type\":\"ListItem\",\"position\":1,\"name\":\"Home\",\"item\":\"https:\/\/cnz.to\/vf\/\"},{\"@type\":\"ListItem\",\"position\":2,\"name\":\"Les Sabl\u00e9s d&rsquo;Yves Camdeborde Recette\"}]},{\"@type\":\"WebSite\",\"@id\":\"https:\/\/cnz.to\/vf\/#website\",\"url\":\"https:\/\/cnz.to\/vf\/\",\"name\":\"Chocolate &amp; Zucchini\",\"description\":\"Recettes simples et astucieuses au fil des saisons\",\"potentialAction\":[{\"@type\":\"SearchAction\",\"target\":{\"@type\":\"EntryPoint\",\"urlTemplate\":\"https:\/\/cnz.to\/vf\/?s={search_term_string}\"},\"query-input\":\"required name=search_term_string\"}],\"inLanguage\":\"fr-FR\"},{\"@type\":\"Person\",\"@id\":\"https:\/\/cnz.to\/vf\/#\/schema\/person\/56585f46f1594c60f6422c62b8af9132\",\"name\":\"clotilde\",\"image\":{\"@type\":\"ImageObject\",\"inLanguage\":\"fr-FR\",\"@id\":\"https:\/\/cnz.to\/vf\/#\/schema\/person\/image\/\",\"url\":\"https:\/\/secure.gravatar.com\/avatar\/91480dc79bdb2011ca52f2d72b610a0e?s=96&d=mm&r=g\",\"contentUrl\":\"https:\/\/secure.gravatar.com\/avatar\/91480dc79bdb2011ca52f2d72b610a0e?s=96&d=mm&r=g\",\"caption\":\"clotilde\"},\"sameAs\":[\"https:\/\/www.facebook.com\/clotilde.dusoulier\",\"https:\/\/twitter.com\/clotildenet\"],\"url\":\"https:\/\/cnz.to\/vf\/author\/clotilde\/\"}]}<\/script>\n<!-- \/ Yoast SEO plugin. -->","yoast_head_json":{"title":"Les Sabl\u00e9s d'Yves Camdeborde Recette | Chocolate &amp; Zucchini","robots":{"index":"index","follow":"follow","max-snippet":"max-snippet:-1","max-image-preview":"max-image-preview:large","max-video-preview":"max-video-preview:-1"},"canonical":"https:\/\/cnz.to\/vf\/recettes\/biscuits-et-petits-gateaux\/les-sables-dyves-camdeborde-recette\/","og_locale":"fr_FR","og_type":"article","og_title":"Les Sabl\u00e9s d'Yves Camdeborde Recette | Chocolate &amp; Zucchini","og_description":"Menu Fretin, c&rsquo;est une jeune maison d&rsquo;\u00e9dition ind\u00e9pendante sp\u00e9cialis\u00e9e dans les ouvrages culinaires*. Quand on conna\u00eet la taille de la [&hellip;]","og_url":"https:\/\/cnz.to\/vf\/recettes\/biscuits-et-petits-gateaux\/les-sables-dyves-camdeborde-recette\/","og_site_name":"Chocolate &amp; Zucchini","article_publisher":"https:\/\/www.facebook.com\/choczuc\/","article_author":"https:\/\/www.facebook.com\/clotilde.dusoulier","article_published_time":"2010-06-15T09:03:12+00:00","article_modified_time":"2015-11-30T14:37:21+00:00","og_image":[{"width":760,"height":505,"url":"https:\/\/cnz.to\/vf\/wp-content\/uploads\/2010\/06\/sables_camdeborde-2.jpg","type":"image\/jpeg"}],"author":"clotilde","twitter_card":"summary_large_image","twitter_creator":"@clotildenet","twitter_site":"@clotildenet","twitter_misc":{"Written by":"clotilde","Est. reading time":"4 minutes"},"schema":{"@context":"https:\/\/schema.org","@graph":[{"@type":"WebPage","@id":"https:\/\/cnz.to\/vf\/recettes\/biscuits-et-petits-gateaux\/les-sables-dyves-camdeborde-recette\/","url":"https:\/\/cnz.to\/vf\/recettes\/biscuits-et-petits-gateaux\/les-sables-dyves-camdeborde-recette\/","name":"Les Sabl\u00e9s d'Yves Camdeborde Recette | Chocolate &amp; Zucchini","isPartOf":{"@id":"https:\/\/cnz.to\/vf\/#website"},"datePublished":"2010-06-15T09:03:12+00:00","dateModified":"2015-11-30T14:37:21+00:00","author":{"@id":"https:\/\/cnz.to\/vf\/#\/schema\/person\/56585f46f1594c60f6422c62b8af9132"},"breadcrumb":{"@id":"https:\/\/cnz.to\/vf\/recettes\/biscuits-et-petits-gateaux\/les-sables-dyves-camdeborde-recette\/#breadcrumb"},"inLanguage":"fr-FR","potentialAction":[{"@type":"ReadAction","target":["https:\/\/cnz.to\/vf\/recettes\/biscuits-et-petits-gateaux\/les-sables-dyves-camdeborde-recette\/"]}]},{"@type":"BreadcrumbList","@id":"https:\/\/cnz.to\/vf\/recettes\/biscuits-et-petits-gateaux\/les-sables-dyves-camdeborde-recette\/#breadcrumb","itemListElement":[{"@type":"ListItem","position":1,"name":"Home","item":"https:\/\/cnz.to\/vf\/"},{"@type":"ListItem","position":2,"name":"Les Sabl\u00e9s d&rsquo;Yves Camdeborde Recette"}]},{"@type":"WebSite","@id":"https:\/\/cnz.to\/vf\/#website","url":"https:\/\/cnz.to\/vf\/","name":"Chocolate &amp; Zucchini","description":"Recettes simples et astucieuses au fil des saisons","potentialAction":[{"@type":"SearchAction","target":{"@type":"EntryPoint","urlTemplate":"https:\/\/cnz.to\/vf\/?s={search_term_string}"},"query-input":"required name=search_term_string"}],"inLanguage":"fr-FR"},{"@type":"Person","@id":"https:\/\/cnz.to\/vf\/#\/schema\/person\/56585f46f1594c60f6422c62b8af9132","name":"clotilde","image":{"@type":"ImageObject","inLanguage":"fr-FR","@id":"https:\/\/cnz.to\/vf\/#\/schema\/person\/image\/","url":"https:\/\/secure.gravatar.com\/avatar\/91480dc79bdb2011ca52f2d72b610a0e?s=96&d=mm&r=g","contentUrl":"https:\/\/secure.gravatar.com\/avatar\/91480dc79bdb2011ca52f2d72b610a0e?s=96&d=mm&r=g","caption":"clotilde"},"sameAs":["https:\/\/www.facebook.com\/clotilde.dusoulier","https:\/\/twitter.com\/clotildenet"],"url":"https:\/\/cnz.to\/vf\/author\/clotilde\/"}]}},"_links":{"self":[{"href":"https:\/\/cnz.to\/vf\/wp-json\/wp\/v2\/posts\/3431"}],"collection":[{"href":"https:\/\/cnz.to\/vf\/wp-json\/wp\/v2\/posts"}],"about":[{"href":"https:\/\/cnz.to\/vf\/wp-json\/wp\/v2\/types\/post"}],"author":[{"embeddable":true,"href":"https:\/\/cnz.to\/vf\/wp-json\/wp\/v2\/users\/2"}],"replies":[{"embeddable":true,"href":"https:\/\/cnz.to\/vf\/wp-json\/wp\/v2\/comments?post=3431"}],"version-history":[{"count":7,"href":"https:\/\/cnz.to\/vf\/wp-json\/wp\/v2\/posts\/3431\/revisions"}],"predecessor-version":[{"id":5594,"href":"https:\/\/cnz.to\/vf\/wp-json\/wp\/v2\/posts\/3431\/revisions\/5594"}],"wp:featuredmedia":[{"embeddable":true,"href":"https:\/\/cnz.to\/vf\/wp-json\/wp\/v2\/media\/4713"}],"wp:attachment":[{"href":"https:\/\/cnz.to\/vf\/wp-json\/wp\/v2\/media?parent=3431"}],"wp:term":[{"taxonomy":"category","embeddable":true,"href":"https:\/\/cnz.to\/vf\/wp-json\/wp\/v2\/categories?post=3431"},{"taxonomy":"post_tag","embeddable":true,"href":"https:\/\/cnz.to\/vf\/wp-json\/wp\/v2\/tags?post=3431"}],"curies":[{"name":"wp","href":"https:\/\/api.w.org\/{rel}","templated":true}]}}