{"id":3340,"date":"2008-11-19T14:35:27","date_gmt":"2008-11-19T13:35:27","guid":{"rendered":"https:\/\/cnz.to\/vf\/uncategorized\/barres-banane-et-chocolat-pour-le-petit-dejeuner-recette\/"},"modified":"2014-06-05T11:40:20","modified_gmt":"2014-06-05T09:40:20","slug":"barres-banane-et-chocolat-pour-le-petit-dejeuner-recette","status":"publish","type":"post","link":"https:\/\/cnz.to\/vf\/recettes\/biscuits-et-petits-gateaux\/barres-banane-et-chocolat-pour-le-petit-dejeuner-recette\/","title":{"rendered":"Barres banane et chocolat pour le petit d\u00e9jeuner Recette"},"content":{"rendered":"<p>Lorsque Heidi <a href=\"http:\/\/www.101cookbooks.com\/archives\/nikkis-healthy-cookies-recipe.html\">a \u00e9voqu\u00e9<\/a> il y a quelques mois les <b>cookies bons pour la sant\u00e9<\/b> de son amie Nikki, mon sang n&rsquo;a fait qu&rsquo;un tour, et je me suis empress\u00e9e de punaiser la recette au tableau de li\u00e8ge de mon esprit*.<\/p>\n<p>Et d\u00e8s que je me suis trouv\u00e9e en possession de quelques <b>bananes en fin de vie<\/b> (certains m&rsquo;accuseront peut-\u00eatre de les avoir laiss\u00e9es brunir intentionnellement, mais ce n&rsquo;est que calomnie), je n&rsquo;ai pas h\u00e9sit\u00e9 longtemps sur la meilleure fa\u00e7on de les mettre \u00e0 profit.<\/p>\n<p>J&rsquo;ai fait quelques <b>modifications<\/b> \u00e0 la recette d&rsquo;origine : 1- j&rsquo;ai utilis\u00e9 du beurre d&rsquo;amande complet plut\u00f4t que de l&rsquo;huile de noix de coco, que je n&rsquo;avais pas sous la main. 2- J&rsquo;ai diminu\u00e9 la quantit\u00e9 de chocolat, ce qui peut para\u00eetre inou\u00ef quand on me conna\u00eet un peu, mais je me suis simplement arr\u00eat\u00e9e quand il m&rsquo;a sembl\u00e9 qu&rsquo;il y en avait assez. 3- Je n&rsquo;ai pas mis de cannelle, parce que je ne suis pas fan du couple qu&rsquo;elle forme avec la banane. 4- Je n&rsquo;ai pas mis de levure non plus : comme il n&rsquo;y a pratiquement pas de gluten dans la recette**, je ne voyais pas bien \u00e0 quoi elle pouvait servir.<\/p>\n<p>Ah oui, et au lieu de former des petits cookies, j&rsquo;ai simplement vers\u00e9 la p\u00e2te dans un plat \u00e0 four rectangulaire, et coup\u00e9 le tout <b>en carr\u00e9s<\/b> apr\u00e8s cuisson, \u00e0 la mani\u00e8re des <i>bars<\/i> am\u00e9ricaines*** : d&rsquo;abord parce que c&rsquo;est plus facile, ensuite parce que je savais qu&rsquo;il nous faudrait quelques jours pour tout manger, et comme il n&rsquo;y a pas beaucoup de mati\u00e8re grasse dans la recette, d\u00e9couper les parts au fur et \u00e0 mesure permettrait de conserver une consistance moelleuse.<\/p>\n<p>La beaut\u00e9 de ces <b>barres v\u00e9g\u00e9taliennes<\/b>, c&rsquo;est qu&rsquo;elles s&rsquo;appuient sur le pouvoir sucrant des bananes, \u00e0 l&rsquo;exclusion de tout sucre ajout\u00e9, tandis que le chocolat noir et la noix de coco ach\u00e8vent de les parfumer. On obtient des petits g\u00e2teaux mod\u00e9r\u00e9ment sucr\u00e9s mais tr\u00e8s go\u00fbteux, dont on peut se d\u00e9lecter au petit d\u00e9jeuner &#8212; ils se marient bien avec des cl\u00e9mentines &#8212; sans craindre la chute de glucose (et l&rsquo;humeur de grizzli qui va avec) en milieu de matin\u00e9e.<\/p>\n<p>~~~<\/p>\n<p>* En vrai, pour organiser mes notes, mes listes et mes recettes, j&rsquo;utilise l&rsquo;application <a href=\"http:\/\/www.circusponies.com\/store\/index.php?main_page=notebook&#038;sub=organize\">Notebook<\/a> pour Mac OS X.<\/p>\n<p>** Les flocons d&rsquo;avoine ne contiennent pas de gluten en th\u00e9orie, mais il peut y en avoir des traces dans ceux que l&rsquo;on trouve dans le commerce s&rsquo;ils passent sur les m\u00eames machines que d&rsquo;autres c\u00e9r\u00e9ales. Si vous suivez un r\u00e9gime strictement sans gluten, assurez-vous que vos flocons d&rsquo;avoine sont bien certifi\u00e9s comme tel.<\/p>\n<p>*** Les <i>bars<\/i> sont une cat\u00e9gorie de p\u00e2tisserie tr\u00e8s populaire outre-Atlantique : on fait cuire la p\u00e2te (g\u00e9n\u00e9ralement peu ou pas lev\u00e9e) dans un moule carr\u00e9 ou rectangulaire, et on la d\u00e9taille ensuite en parts individuelles, elles-m\u00eames carr\u00e9es ou rectangulaires. Le brownie en est l&rsquo;exemple le plus export\u00e9, mais on peut citer aussi les <i>blondies<\/i>, <i>lemon bars<\/i>, <i>date squares<\/i>, et autres <i>Rice Krispie treats<\/i>.<\/p>\n<p><!--more--><\/p>\n<div class=\"hashtag-box clearfix\">\r\n\t<div class=\"hashtag-image\">\r\n\t\t<img width=\"84\" height=\"84\" src=\"https:\/\/cnz.to\/vf\/wp-content\/uploads\/2017\/09\/clotilde_instagram_84.jpg\" class=\"attachment-full size-full\" alt=\"\" loading=\"lazy\" \/>\t<\/div>\r\n\t<div class=\"hashtag-content\">\r\n\t\t<h2>Vous aimez cette recette ? Partagez vos photos sur Instagram !<\/h2>\r\n\t\t<p>Ajoutez le tag <a href=\"https:\/\/www.instagram.com\/explore\/tags\/cnzrecipes\/\">#cnzrecipes<\/a> aux photos de vos r\u00e9alisations. Je partagerai mes pr\u00e9f\u00e9r\u00e9es !<\/p>\n\t<\/div>\r\n<\/div>\r\n\n\n    <div id=\"zlrecipe-container-144\" class=\"zlrecipe-container-border\" >\n    <div itemscope itemtype=\"https:\/\/schema.org\/Recipe\" id=\"zlrecipe-container\" class=\"serif zlrecipe\">\n      <div id=\"zlrecipe-innerdiv\">\n        <div class=\"item b-b\"><div class=\"zlrecipe-print-link fl-r\"><a class=\"butn-link\" title=\"Print this recipe\" href=\"javascript:void(0);\" onclick=\"zlrPrint('zlrecipe-container-144', 'https:\/\/cnz.to\/vf\/wp-content\/plugins\/ziplist-recipe-plugin\/'); return false\">Print<\/a><\/div><div id=\"zl-recipe-link-144\" class=\"zl-recipe-link fl-r zl-rmvd\"><\/div><div id=\"zlrecipe-title\" itemprop=\"name\" class=\"b-b h-1 strong\" >Barres banane et chocolat pour le petit d\u00e9jeuner Recette<\/div>\n      <\/div><div class=\"zlmeta zlclear\">\n      <div class=\"fl-l width-50\"><p id=\"zlrecipe-prep-time\">Pr\u00e9paration : <span itemprop=\"prepTime\" content=\"PT10M\">10 minutes<\/span><\/p><p id=\"zlrecipe-cook-time\">Cuisson : <span itemprop=\"cookTime\" content=\"PT25M\">25 minutes<\/span><\/p><p id=\"zlrecipe-total-time\">Total : <span itemprop=\"totalTime\" content=\"PT35M\">35 minutes<\/span><\/p><\/div>\n      <div class=\"fl-l width-50\"><\/div>\n      <div class=\"zlclear\">\n      <\/div>\n    <\/div><div class=\"img-desc-wrap\"><p class=\"t-a-c hide-card hide-print\">\n\t\t\t  <img class=\"photo\" itemprop=\"image\" src=\"https:\/\/cnz.to\/vf\/wp-content\/uploads\/2008\/11\/banana_breakfast_bars-2.jpg\" title=\"Barres banane et chocolat pour le petit d\u00e9jeuner Recette\" alt=\"Barres banane et chocolat pour le petit d\u00e9jeuner Recette\"  \/>\n\t\t\t<\/p><\/div><p id=\"zlrecipe-ingredients\" class=\"h-4 strong\">Ingr\u00e9dients<\/p><ul id=\"zlrecipe-ingredients-list\"><li id=\"zlrecipe-ingredient-0\" class=\"ingredient\" itemprop=\"ingredients\">200 g de <b>flocons d'avoine<\/b> ou de flocons m\u00e9lang\u00e9s\r<\/li><li id=\"zlrecipe-ingredient-1\" class=\"ingredient\" itemprop=\"ingredients\">60 g de <b>poudre d'amande<\/b>\r<\/li><li id=\"zlrecipe-ingredient-2\" class=\"ingredient\" itemprop=\"ingredients\">30 g de <b>noix de coco<\/b> r\u00e2p\u00e9e et s\u00e9ch\u00e9e (non sucr\u00e9e)\r<\/li><li id=\"zlrecipe-ingredient-3\" class=\"ingredient\" itemprop=\"ingredients\">1\/2 c.c. de <b>sel fin<\/b>\r<\/li><li id=\"zlrecipe-ingredient-4\" class=\"ingredient\" itemprop=\"ingredients\">120 g de bon <b>chocolat noir<\/b>\r<\/li><li id=\"zlrecipe-ingredient-5\" class=\"ingredient\" itemprop=\"ingredients\">4 <b>bananes<\/b> moyennes bien m\u00fbres, environ 400 g une fois pel\u00e9es\r<\/li><li id=\"zlrecipe-ingredient-6\" class=\"ingredient\" itemprop=\"ingredients\">1\/2 c.c. d'extrait naturel de <b>vanille<\/b>\r<\/li><li id=\"zlrecipe-ingredient-7\" class=\"ingredient\" itemprop=\"ingredients\">60 ml de <b>beurre d'amande<\/b> complet (ou d'huile d'olive, ou d'huile de noix de coco l\u00e9g\u00e8rement ti\u00e9die pour l'assouplir)<\/li><\/ul><p id=\"zlrecipe-instructions\" class=\"h-4 strong\">Instructions<\/p><ol id=\"zlrecipe-instructions-list\" class=\"instructions\"><li id=\"zlrecipe-instruction-0\" class=\"instruction\" itemprop=\"recipeInstructions\">Pr\u00e9chauffez le four \u00e0 180\u00b0C et graissez un plat \u00e0 four moyen avec un peu d'huile.\r<\/li><li id=\"zlrecipe-instruction-1\" class=\"instruction\" itemprop=\"recipeInstructions\">Dans un saladier moyen, m\u00e9langez les flocons d'avoine, la poudre d'amande, la noix de coco et le sel. Mettez de c\u00f4t\u00e9. H\u00e2chez le chocolat grossi\u00e8rement, de telle sorte que les morceaux les plus gros aient \u00e0 peu pr\u00e8s la taille d'une p\u00e9pite de chocolat. R\u00e9servez.\r<\/li><li id=\"zlrecipe-instruction-2\" class=\"instruction\" itemprop=\"recipeInstructions\">Dans un deuxi\u00e8me saladier, m\u00e9langez les bananes, la vanille et le beurre d'amande, et \u00e9crasez bien le tout \u00e0 l'aide d'un <a href=\"https:\/\/cnz.to\/archives\/2005\/01\/what_did_i_ever_do_without_you.php\" target=\"_self\">presse-pur\u00e9e<\/a>. Ajoutez le m\u00e9lange avoine-coco et m\u00e9langez bien. Ajoutez le chocolat et incorporez-le d\u00e9licatement.\r<\/li><li id=\"zlrecipe-instruction-3\" class=\"instruction\" itemprop=\"recipeInstructions\">Versez dans le plat, \u00e9galisez la surface et glissez au four. Faites cuire 25 minutes, jusqu'\u00e0 ce que le dessus soit sec au toucher, et brun-dor\u00e9. Laissez refroidir compl\u00e8tement avant de d\u00e9couper en carr\u00e9s. Si vous ne servez pas la totalit\u00e9 le jour-m\u00eame, je vous conseille de ne d\u00e9couper que les parts n\u00e9cessaires. Couvrez le reste avec du papier d'aluminium et conservez \u00e0 temp\u00e9rature ambiante.<\/li><\/ol><p id=\"zlrecipe-notes\" class=\"h-4 strong\">Notes<\/p><div id=\"zlrecipe-notes-list\"><p class=\"notes\">Adapt\u00e9 d'<a href=\"http:\/\/www.101cookbooks.com\/archives\/nikkis-healthy-cookies-recipe.html\">une recette<\/a> de 101 Cookbooks.<\/p><\/div><div class=\"ziplist-recipe-plugin\" style=\"display: none;\">3.1<\/div><a id=\"zl-printed-permalink\" href=\"https:\/\/cnz.to\/vf\/recettes\/biscuits-et-petits-gateaux\/barres-banane-et-chocolat-pour-le-petit-dejeuner-recette\/\"title=\"Permalink to Recipe\">https:\/\/cnz.to\/vf\/recettes\/biscuits-et-petits-gateaux\/barres-banane-et-chocolat-pour-le-petit-dejeuner-recette\/<\/a><\/div><div id=\"zl-printed-copyright-statement\" itemprop=\"copyrightHolder\">Unless otherwise noted, all recipes are copyright Clotilde Dusoulier.<\/div><\/div><\/div>\n<p><img loading=\"lazy\" src=\"https:\/\/cnz.to\/vf\/wp-content\/uploads\/2008\/11\/banana_breakfast_bars.jpg\" alt=\"Barres banane chocolat pour le petit d\u00e9jeuner\" width=\"545\" height=\"760\" style=\"width:71.710526315789%\" class=\"aligncenter size-full wp-image-5238\" srcset=\"https:\/\/cnz.to\/vf\/wp-content\/uploads\/2008\/11\/banana_breakfast_bars.jpg 545w, https:\/\/cnz.to\/vf\/wp-content\/uploads\/2008\/11\/banana_breakfast_bars-215x300.jpg 215w\" sizes=\"(max-width: 545px) 100vw, 545px\" \/><\/p>\n","protected":false},"excerpt":{"rendered":"<p>Lorsque Heidi a \u00e9voqu\u00e9 il y a quelques mois les cookies bons pour la sant\u00e9 de son amie Nikki, mon [&hellip;]<\/p>\n","protected":false},"author":2,"featured_media":5237,"comment_status":"open","ping_status":"closed","sticky":false,"template":"","format":"standard","meta":{"om_disable_all_campaigns":false,"_mi_skip_tracking":false},"categories":[417,416,415,421,422,378],"tags":[546,426,445,481,551,483],"acf":[],"yoast_head":"<!-- This site is optimized with the Yoast SEO plugin v19.10 - https:\/\/yoast.com\/wordpress\/plugins\/seo\/ -->\n<title>Barres banane et chocolat pour le petit d\u00e9jeuner Recette | Chocolate &amp; Zucchini<\/title>\n<meta name=\"robots\" content=\"index, follow, max-snippet:-1, max-image-preview:large, max-video-preview:-1\" \/>\n<link rel=\"canonical\" href=\"https:\/\/cnz.to\/vf\/recettes\/biscuits-et-petits-gateaux\/barres-banane-et-chocolat-pour-le-petit-dejeuner-recette\/\" \/>\n<meta property=\"og:locale\" content=\"fr_FR\" \/>\n<meta property=\"og:type\" content=\"article\" \/>\n<meta property=\"og:title\" content=\"Barres banane et chocolat pour le petit d\u00e9jeuner Recette | Chocolate &amp; Zucchini\" \/>\n<meta property=\"og:description\" content=\"Lorsque Heidi a \u00e9voqu\u00e9 il y a quelques mois les cookies bons pour la sant\u00e9 de son amie Nikki, mon [&hellip;]\" \/>\n<meta property=\"og:url\" content=\"https:\/\/cnz.to\/vf\/recettes\/biscuits-et-petits-gateaux\/barres-banane-et-chocolat-pour-le-petit-dejeuner-recette\/\" \/>\n<meta property=\"og:site_name\" content=\"Chocolate &amp; Zucchini\" \/>\n<meta property=\"article:publisher\" content=\"https:\/\/www.facebook.com\/choczuc\/\" \/>\n<meta property=\"article:author\" content=\"https:\/\/www.facebook.com\/clotilde.dusoulier\" \/>\n<meta property=\"article:published_time\" content=\"2008-11-19T13:35:27+00:00\" \/>\n<meta property=\"article:modified_time\" content=\"2014-06-05T09:40:20+00:00\" \/>\n<meta property=\"og:image\" content=\"https:\/\/cnz.to\/vf\/wp-content\/uploads\/2008\/11\/banana_breakfast_bars-2.jpg\" \/>\n\t<meta property=\"og:image:width\" content=\"760\" \/>\n\t<meta property=\"og:image:height\" content=\"513\" \/>\n\t<meta property=\"og:image:type\" content=\"image\/jpeg\" \/>\n<meta name=\"author\" content=\"clotilde\" \/>\n<meta name=\"twitter:card\" content=\"summary_large_image\" \/>\n<meta name=\"twitter:creator\" content=\"@clotildenet\" \/>\n<meta name=\"twitter:site\" content=\"@clotildenet\" \/>\n<meta name=\"twitter:label1\" content=\"Written by\" \/>\n\t<meta name=\"twitter:data1\" content=\"clotilde\" \/>\n\t<meta name=\"twitter:label2\" content=\"Est. reading time\" \/>\n\t<meta name=\"twitter:data2\" content=\"3 minutes\" \/>\n<script type=\"application\/ld+json\" class=\"yoast-schema-graph\">{\"@context\":\"https:\/\/schema.org\",\"@graph\":[{\"@type\":\"WebPage\",\"@id\":\"https:\/\/cnz.to\/vf\/recettes\/biscuits-et-petits-gateaux\/barres-banane-et-chocolat-pour-le-petit-dejeuner-recette\/\",\"url\":\"https:\/\/cnz.to\/vf\/recettes\/biscuits-et-petits-gateaux\/barres-banane-et-chocolat-pour-le-petit-dejeuner-recette\/\",\"name\":\"Barres banane et chocolat pour le petit d\u00e9jeuner Recette | Chocolate &amp; Zucchini\",\"isPartOf\":{\"@id\":\"https:\/\/cnz.to\/vf\/#website\"},\"datePublished\":\"2008-11-19T13:35:27+00:00\",\"dateModified\":\"2014-06-05T09:40:20+00:00\",\"author\":{\"@id\":\"https:\/\/cnz.to\/vf\/#\/schema\/person\/56585f46f1594c60f6422c62b8af9132\"},\"breadcrumb\":{\"@id\":\"https:\/\/cnz.to\/vf\/recettes\/biscuits-et-petits-gateaux\/barres-banane-et-chocolat-pour-le-petit-dejeuner-recette\/#breadcrumb\"},\"inLanguage\":\"fr-FR\",\"potentialAction\":[{\"@type\":\"ReadAction\",\"target\":[\"https:\/\/cnz.to\/vf\/recettes\/biscuits-et-petits-gateaux\/barres-banane-et-chocolat-pour-le-petit-dejeuner-recette\/\"]}]},{\"@type\":\"BreadcrumbList\",\"@id\":\"https:\/\/cnz.to\/vf\/recettes\/biscuits-et-petits-gateaux\/barres-banane-et-chocolat-pour-le-petit-dejeuner-recette\/#breadcrumb\",\"itemListElement\":[{\"@type\":\"ListItem\",\"position\":1,\"name\":\"Home\",\"item\":\"https:\/\/cnz.to\/vf\/\"},{\"@type\":\"ListItem\",\"position\":2,\"name\":\"Barres banane et chocolat pour le petit d\u00e9jeuner Recette\"}]},{\"@type\":\"WebSite\",\"@id\":\"https:\/\/cnz.to\/vf\/#website\",\"url\":\"https:\/\/cnz.to\/vf\/\",\"name\":\"Chocolate &amp; Zucchini\",\"description\":\"Recettes simples et astucieuses au fil des saisons\",\"potentialAction\":[{\"@type\":\"SearchAction\",\"target\":{\"@type\":\"EntryPoint\",\"urlTemplate\":\"https:\/\/cnz.to\/vf\/?s={search_term_string}\"},\"query-input\":\"required name=search_term_string\"}],\"inLanguage\":\"fr-FR\"},{\"@type\":\"Person\",\"@id\":\"https:\/\/cnz.to\/vf\/#\/schema\/person\/56585f46f1594c60f6422c62b8af9132\",\"name\":\"clotilde\",\"image\":{\"@type\":\"ImageObject\",\"inLanguage\":\"fr-FR\",\"@id\":\"https:\/\/cnz.to\/vf\/#\/schema\/person\/image\/\",\"url\":\"https:\/\/secure.gravatar.com\/avatar\/91480dc79bdb2011ca52f2d72b610a0e?s=96&d=mm&r=g\",\"contentUrl\":\"https:\/\/secure.gravatar.com\/avatar\/91480dc79bdb2011ca52f2d72b610a0e?s=96&d=mm&r=g\",\"caption\":\"clotilde\"},\"sameAs\":[\"https:\/\/www.facebook.com\/clotilde.dusoulier\",\"https:\/\/twitter.com\/clotildenet\"],\"url\":\"https:\/\/cnz.to\/vf\/author\/clotilde\/\"}]}<\/script>\n<!-- \/ Yoast SEO plugin. -->","yoast_head_json":{"title":"Barres banane et chocolat pour le petit d\u00e9jeuner Recette | Chocolate &amp; Zucchini","robots":{"index":"index","follow":"follow","max-snippet":"max-snippet:-1","max-image-preview":"max-image-preview:large","max-video-preview":"max-video-preview:-1"},"canonical":"https:\/\/cnz.to\/vf\/recettes\/biscuits-et-petits-gateaux\/barres-banane-et-chocolat-pour-le-petit-dejeuner-recette\/","og_locale":"fr_FR","og_type":"article","og_title":"Barres banane et chocolat pour le petit d\u00e9jeuner Recette | Chocolate &amp; Zucchini","og_description":"Lorsque Heidi a \u00e9voqu\u00e9 il y a quelques mois les cookies bons pour la sant\u00e9 de son amie Nikki, mon [&hellip;]","og_url":"https:\/\/cnz.to\/vf\/recettes\/biscuits-et-petits-gateaux\/barres-banane-et-chocolat-pour-le-petit-dejeuner-recette\/","og_site_name":"Chocolate &amp; Zucchini","article_publisher":"https:\/\/www.facebook.com\/choczuc\/","article_author":"https:\/\/www.facebook.com\/clotilde.dusoulier","article_published_time":"2008-11-19T13:35:27+00:00","article_modified_time":"2014-06-05T09:40:20+00:00","og_image":[{"width":760,"height":513,"url":"https:\/\/cnz.to\/vf\/wp-content\/uploads\/2008\/11\/banana_breakfast_bars-2.jpg","type":"image\/jpeg"}],"author":"clotilde","twitter_card":"summary_large_image","twitter_creator":"@clotildenet","twitter_site":"@clotildenet","twitter_misc":{"Written by":"clotilde","Est. reading time":"3 minutes"},"schema":{"@context":"https:\/\/schema.org","@graph":[{"@type":"WebPage","@id":"https:\/\/cnz.to\/vf\/recettes\/biscuits-et-petits-gateaux\/barres-banane-et-chocolat-pour-le-petit-dejeuner-recette\/","url":"https:\/\/cnz.to\/vf\/recettes\/biscuits-et-petits-gateaux\/barres-banane-et-chocolat-pour-le-petit-dejeuner-recette\/","name":"Barres banane et chocolat pour le petit d\u00e9jeuner Recette | Chocolate &amp; Zucchini","isPartOf":{"@id":"https:\/\/cnz.to\/vf\/#website"},"datePublished":"2008-11-19T13:35:27+00:00","dateModified":"2014-06-05T09:40:20+00:00","author":{"@id":"https:\/\/cnz.to\/vf\/#\/schema\/person\/56585f46f1594c60f6422c62b8af9132"},"breadcrumb":{"@id":"https:\/\/cnz.to\/vf\/recettes\/biscuits-et-petits-gateaux\/barres-banane-et-chocolat-pour-le-petit-dejeuner-recette\/#breadcrumb"},"inLanguage":"fr-FR","potentialAction":[{"@type":"ReadAction","target":["https:\/\/cnz.to\/vf\/recettes\/biscuits-et-petits-gateaux\/barres-banane-et-chocolat-pour-le-petit-dejeuner-recette\/"]}]},{"@type":"BreadcrumbList","@id":"https:\/\/cnz.to\/vf\/recettes\/biscuits-et-petits-gateaux\/barres-banane-et-chocolat-pour-le-petit-dejeuner-recette\/#breadcrumb","itemListElement":[{"@type":"ListItem","position":1,"name":"Home","item":"https:\/\/cnz.to\/vf\/"},{"@type":"ListItem","position":2,"name":"Barres banane et chocolat pour le petit d\u00e9jeuner Recette"}]},{"@type":"WebSite","@id":"https:\/\/cnz.to\/vf\/#website","url":"https:\/\/cnz.to\/vf\/","name":"Chocolate &amp; Zucchini","description":"Recettes simples et astucieuses au fil des saisons","potentialAction":[{"@type":"SearchAction","target":{"@type":"EntryPoint","urlTemplate":"https:\/\/cnz.to\/vf\/?s={search_term_string}"},"query-input":"required name=search_term_string"}],"inLanguage":"fr-FR"},{"@type":"Person","@id":"https:\/\/cnz.to\/vf\/#\/schema\/person\/56585f46f1594c60f6422c62b8af9132","name":"clotilde","image":{"@type":"ImageObject","inLanguage":"fr-FR","@id":"https:\/\/cnz.to\/vf\/#\/schema\/person\/image\/","url":"https:\/\/secure.gravatar.com\/avatar\/91480dc79bdb2011ca52f2d72b610a0e?s=96&d=mm&r=g","contentUrl":"https:\/\/secure.gravatar.com\/avatar\/91480dc79bdb2011ca52f2d72b610a0e?s=96&d=mm&r=g","caption":"clotilde"},"sameAs":["https:\/\/www.facebook.com\/clotilde.dusoulier","https:\/\/twitter.com\/clotildenet"],"url":"https:\/\/cnz.to\/vf\/author\/clotilde\/"}]}},"_links":{"self":[{"href":"https:\/\/cnz.to\/vf\/wp-json\/wp\/v2\/posts\/3340"}],"collection":[{"href":"https:\/\/cnz.to\/vf\/wp-json\/wp\/v2\/posts"}],"about":[{"href":"https:\/\/cnz.to\/vf\/wp-json\/wp\/v2\/types\/post"}],"author":[{"embeddable":true,"href":"https:\/\/cnz.to\/vf\/wp-json\/wp\/v2\/users\/2"}],"replies":[{"embeddable":true,"href":"https:\/\/cnz.to\/vf\/wp-json\/wp\/v2\/comments?post=3340"}],"version-history":[{"count":2,"href":"https:\/\/cnz.to\/vf\/wp-json\/wp\/v2\/posts\/3340\/revisions"}],"predecessor-version":[{"id":5239,"href":"https:\/\/cnz.to\/vf\/wp-json\/wp\/v2\/posts\/3340\/revisions\/5239"}],"wp:featuredmedia":[{"embeddable":true,"href":"https:\/\/cnz.to\/vf\/wp-json\/wp\/v2\/media\/5237"}],"wp:attachment":[{"href":"https:\/\/cnz.to\/vf\/wp-json\/wp\/v2\/media?parent=3340"}],"wp:term":[{"taxonomy":"category","embeddable":true,"href":"https:\/\/cnz.to\/vf\/wp-json\/wp\/v2\/categories?post=3340"},{"taxonomy":"post_tag","embeddable":true,"href":"https:\/\/cnz.to\/vf\/wp-json\/wp\/v2\/tags?post=3340"}],"curies":[{"name":"wp","href":"https:\/\/api.w.org\/{rel}","templated":true}]}}